{"id":743,"date":"2014-05-12T09:26:53","date_gmt":"2014-05-12T08:26:53","guid":{"rendered":"http:\/\/www.worldpolicyconference.com\/amir-peretz\/"},"modified":"2018-06-07T15:21:54","modified_gmt":"2018-06-07T14:21:54","slug":"amir-peretz","status":"publish","type":"post","link":"https:\/\/www.worldpolicyconference.com\/fr\/amir-peretz\/","title":{"rendered":"Amir Peretz"},"content":{"rendered":"<p><\/p>\n<p style=\"text-align: justify;\">D\u00e9put\u00e9 depuis 1988 et membre de plusieurs comit\u00e9s de la Knesset, notamment pour les affaires \u00e9conomiques, les affaires \u00e9trang\u00e8res et la d\u00e9fense. Il a \u00e9t\u00e9 vice-Premier ministre et ministre de la D\u00e9fense isra\u00e9lien jusqu\u2019en 2007. N\u00e9 au Maroc, il \u00e9migre en Isra\u00ebl \u00e0 l\u2019\u00e2ge de quatre ans. Il est \u00e9lu maire de sa ville, Sderot, en 1983, ramenant la gauche au pouvoir. Il a affirm\u00e9 publiquement vouloir un \u00c9tat palestinien ind\u00e9pendant et a men\u00e9 des initiatives pour la paix entre les habitants de la ville et leurs voisins de la bande de Gaza.<\/p>\n<p><\/p>","protected":false},"excerpt":{"rendered":"<p>D\u00e9put\u00e9 depuis 1988 et membre de plusieurs comit\u00e9s de la Knesset, notamment pour les affaires \u00e9conomiques, les affaires \u00e9trang\u00e8res et la d\u00e9fense. Il a \u00e9t\u00e9 vice-Premier ministre et ministre de<\/p>\n","protected":false},"author":1,"featured_media":9680,"comment_status":"closed","ping_status":"open","sticky":false,"template":"","format":"standard","meta":{"footnotes":""},"categories":[8],"tags":[15,16],"class_list":["post-743","post","type-post","status-publish","format-standard","has-post-thumbnail","hentry","category-invited-guests","tag-15","tag-16"],"_links":{"self":[{"href":"https:\/\/www.worldpolicyconference.com\/fr\/wp-json\/wp\/v2\/posts\/743","targetHints":{"allow":["GET"]}}],"collection":[{"href":"https:\/\/www.worldpolicyconference.com\/fr\/wp-json\/wp\/v2\/posts"}],"about":[{"href":"https:\/\/www.worldpolicyconference.com\/fr\/wp-json\/wp\/v2\/types\/post"}],"author":[{"embeddable":true,"href":"https:\/\/www.worldpolicyconference.com\/fr\/wp-json\/wp\/v2\/users\/1"}],"replies":[{"embeddable":true,"href":"https:\/\/www.worldpolicyconference.com\/fr\/wp-json\/wp\/v2\/comments?post=743"}],"version-history":[{"count":0,"href":"https:\/\/www.worldpolicyconference.com\/fr\/wp-json\/wp\/v2\/posts\/743\/revisions"}],"wp:featuredmedia":[{"embeddable":true,"href":"https:\/\/www.worldpolicyconference.com\/fr\/wp-json\/wp\/v2\/media\/9680"}],"wp:attachment":[{"href":"https:\/\/www.worldpolicyconference.com\/fr\/wp-json\/wp\/v2\/media?parent=743"}],"wp:term":[{"taxonomy":"category","embeddable":true,"href":"https:\/\/www.worldpolicyconference.com\/fr\/wp-json\/wp\/v2\/categories?post=743"},{"taxonomy":"post_tag","embeddable":true,"href":"https:\/\/www.worldpolicyconference.com\/fr\/wp-json\/wp\/v2\/tags?post=743"}],"curies":[{"name":"wp","href":"https:\/\/api.w.org\/{rel}","templated":true}]}}