{"id":764,"date":"2014-05-12T09:29:35","date_gmt":"2014-05-12T08:29:35","guid":{"rendered":"http:\/\/www.worldpolicyconference.com\/tadakatsu-sano\/"},"modified":"2026-03-18T10:25:06","modified_gmt":"2026-03-18T09:25:06","slug":"tadakatsu-sano","status":"publish","type":"post","link":"https:\/\/www.worldpolicyconference.com\/fr\/tadakatsu-sano\/","title":{"rendered":"Tadakatsu Sano"},"content":{"rendered":"<p><\/p>\n<p style=\"text-align: justify;\"><span style=\"font-weight: 400;\">Avocat, Jones Day. Il s\u2019occupe du respect des dispositions r\u00e9glementaires et de nombreuses r\u00e9glementations gouvernementales, de la s\u00e9curit\u00e9 des produits, de la r\u00e9glementation des ventes \u00e0 temp\u00e9rament, des transactions commerciales et des investissements directs \u00e9trangers, de l\u2019\u00e9nergie et de l\u2019environnement et des r\u00e8gles de concurrence. Il repr\u00e9sente diff\u00e9rents clients dans des affaires de droit civil. Il a travaill\u00e9 pendant 35 ans au minist\u00e8re du Commerce international et de l\u2019Industrie du Japon. Il a \u00e9t\u00e9 directeur g\u00e9n\u00e9ral du Bureau des politiques commerciales et vice-ministre des Affaires internationales, ce qui l\u2019a amen\u00e9 \u00e0 travailler dans le domaine des politiques commerciales internationales. Il a \u00e9t\u00e9 chef du cabinet du Premier ministre Yukio Hatoyama (2009-2010).<\/span><\/p>\n<p><\/p>","protected":false},"excerpt":{"rendered":"<p>Avocat, Jones Day. Il s\u2019occupe du respect des dispositions r\u00e9glementaires et de nombreuses r\u00e9glementations gouvernementales, de la s\u00e9curit\u00e9 des produits, de la r\u00e9glementation des ventes \u00e0 temp\u00e9rament, des transactions commerciales<\/p>\n","protected":false},"author":1,"featured_media":17452,"comment_status":"closed","ping_status":"open","sticky":false,"template":"","format":"standard","meta":{"footnotes":""},"categories":[8],"tags":[16,17,14,10,19,20,21,22,25,30,153,154,155,157],"class_list":["post-764","post","type-post","status-publish","format-standard","has-post-thumbnail","hentry","category-invited-guests","tag-16","tag-17","tag-14","tag-10","tag-19","tag-20","tag-21","tag-22","tag-25","tag-30","tag-153","tag-154","tag-155","tag-157"],"_links":{"self":[{"href":"https:\/\/www.worldpolicyconference.com\/fr\/wp-json\/wp\/v2\/posts\/764","targetHints":{"allow":["GET"]}}],"collection":[{"href":"https:\/\/www.worldpolicyconference.com\/fr\/wp-json\/wp\/v2\/posts"}],"about":[{"href":"https:\/\/www.worldpolicyconference.com\/fr\/wp-json\/wp\/v2\/types\/post"}],"author":[{"embeddable":true,"href":"https:\/\/www.worldpolicyconference.com\/fr\/wp-json\/wp\/v2\/users\/1"}],"replies":[{"embeddable":true,"href":"https:\/\/www.worldpolicyconference.com\/fr\/wp-json\/wp\/v2\/comments?post=764"}],"version-history":[{"count":0,"href":"https:\/\/www.worldpolicyconference.com\/fr\/wp-json\/wp\/v2\/posts\/764\/revisions"}],"wp:featuredmedia":[{"embeddable":true,"href":"https:\/\/www.worldpolicyconference.com\/fr\/wp-json\/wp\/v2\/media\/17452"}],"wp:attachment":[{"href":"https:\/\/www.worldpolicyconference.com\/fr\/wp-json\/wp\/v2\/media?parent=764"}],"wp:term":[{"taxonomy":"category","embeddable":true,"href":"https:\/\/www.worldpolicyconference.com\/fr\/wp-json\/wp\/v2\/categories?post=764"},{"taxonomy":"post_tag","embeddable":true,"href":"https:\/\/www.worldpolicyconference.com\/fr\/wp-json\/wp\/v2\/tags?post=764"}],"curies":[{"name":"wp","href":"https:\/\/api.w.org\/{rel}","templated":true}]}}