{"id":7671,"date":"2016-11-21T21:02:49","date_gmt":"2016-11-21T20:02:49","guid":{"rendered":"https:\/\/www.worldpolicyconference.com\/?p=7671"},"modified":"2017-03-13T18:28:23","modified_gmt":"2017-03-13T17:28:23","slug":"2016-agenda","status":"publish","type":"post","link":"https:\/\/www.worldpolicyconference.com\/fr\/2016-agenda\/","title":{"rendered":"Agenda 2016"},"content":{"rendered":"<p><div class=\"grid\"><div class=\"col\"><div><\/p>\n<p style=\"text-align: right;\"><a class=\"button medium\" style=\"background: #2980b9 !important;\" href=\"https:\/\/www.worldpolicyconference.com\/wp-content\/uploads\/2017\/03\/wpc2016_Agenda_VF.pdf\" target=\"_blank\">T\u00e9l\u00e9charger l&rsquo;agenda 2016<\/a><\/p>\n<p><\/div><\/div><\/div><div class=\"grid\"><div class=\"col\"><div class=\"vertical-tabs-container\"><div class=\"vertical-tab\"><div class=\"vertical-tab-link\"><a href=\"#1-1\">Dimanche 20 novembre<\/a><\/div><div id=\"1-1\" class=\"vertical-tab-content\"><div><\/p>\n<p style=\"color: #2980b9; font-weight: bold;\">08:30 \u2013 09:30<\/p>\n<p><strong>Caf\u00e9 d&rsquo;accueil<\/strong><\/p>\n<p style=\"color: #2980b9; font-weight: bold;\">09:30 \u2013 10:30<\/p>\n<p><strong>Ouverture<\/strong><\/p>\n<p style=\"color: #2980b9; font-weight: bold;\">10:35 \u2013 10:45<\/p>\n<p><strong>Invit\u00e9 sp\u00e9cial<\/strong><\/p>\n<p style=\"color: #2980b9; font-weight: bold;\">10:45 \u2013 12:30<\/p>\n<p><strong>Session pl\u00e9ni\u00e8re 1 :<\/strong> L&rsquo;avenir du Moyen-Orient<\/p>\n<p style=\"color: #2980b9; font-weight: bold;\">12:30 \u2013 13:30<\/p>\n<p><strong>Session pl\u00e9ni\u00e8re 2 :<\/strong>\u00a0Ethique et relations public-priv\u00e9<\/p>\n<p style=\"color: #2980b9; font-weight: bold;\">13:30 \u2013 14:45<\/p>\n<p><strong>D\u00e9jeuner d\u00e9bat<\/strong><\/p>\n<p style=\"color: #2980b9; font-weight: bold;\">15:00 &#8211; 15:30<\/p>\n<p><strong>Session pl\u00e9ni\u00e8re 3 :<\/strong>\u00a0Le r\u00f4le europ\u00e9en et international de la Turquie<\/p>\n<p style=\"color: #2980b9; font-weight: bold;\">15:30 &#8211; 16:30<\/p>\n<p><strong>Session pl\u00e9ni\u00e8re 4 :<\/strong>\u00a0Sant\u00e9 : innovations technologiques et gouvernance mondiale<\/p>\n<p style=\"color: #2980b9; font-weight: bold;\">16:30 &#8211; 18:00<\/p>\n<p><strong>Session pl\u00e9ni\u00e8re 5 :<\/strong> Le changement technologique et le nouveau contrat social<\/p>\n<p style=\"color: #2980b9; font-weight: bold;\">18:00 \u2013 18:30<\/p>\n<p><strong>Pause caf\u00e9<\/strong><\/p>\n<p style=\"color: #2980b9; font-weight: bold;\">18:30 &#8211; 19:00<\/p>\n<p><strong>Session pl\u00e9ni\u00e8re 6 :<\/strong> Le Royaume-Uni apr\u00e8s le Brexit<\/p>\n<p style=\"color: #2980b9; font-weight: bold;\">19:00 &#8211; 19.45<\/p>\n<p><strong>Session pl\u00e9ni\u00e8re 7 :<\/strong> La s\u00e9curit\u00e9 et le d\u00e9veloppement \u00e9conomique en Afrique<\/p>\n<p style=\"color: #2980b9; font-weight: bold;\">20:30<\/p>\n<p><strong>D\u00eener d\u00e9bat<\/strong><\/div><\/div><\/div><div class=\"vertical-tab\"><div class=\"vertical-tab-link\"><a href=\"#1-2\">Lundi 21 novembre<\/a><\/div><div id=\"1-2\" class=\"vertical-tab-content\"><div><\/p>\n<p style=\"color: #2980b9; font-weight: bold;\">08:30 &#8211; 09:45<\/p>\n<p><strong>Session pl\u00e9ni\u00e8re 8 :<\/strong> Union europ\u00e9enne : la prochaine \u00e9tape ?<\/p>\n<p style=\"color: #2980b9; font-weight: bold;\">10:00 \u2013 12:30<\/p>\n<p><strong>Ateliers parall\u00e8les<\/strong><\/p>\n<p><strong>Atelier 1 :<\/strong> Finance et \u00e9conomie<\/p>\n<p><strong>Atelier 2 :<\/strong> Energie et climat<\/p>\n<p><strong>Atelier 3 :<\/strong> La Chine en transition<\/p>\n<p style=\"color: #2980b9; font-weight: bold;\">12:45 \u2013 14:15<\/p>\n<p><strong>D\u00e9jeuner d\u00e9bat<\/strong><\/p>\n<p style=\"color: #2980b9; font-weight: bold;\">14:15 \u2013 16:00<\/p>\n<p><strong>Session pl\u00e9ni\u00e8re 9 :<\/strong> Apr\u00e8s les \u00e9lections am\u00e9ricaines<\/p>\n<p style=\"color: #2980b9; font-weight: bold;\">16:00 \u2013 16:30<\/p>\n<p><strong>Session pl\u00e9ni\u00e8re 10 :<\/strong> La conqu\u00eate de l&rsquo;espace : une grande aventure technologique et un d\u00e9fi pour la gouvernance<\/p>\n<p style=\"color: #2980b9; font-weight: bold;\">16:30 \u2013 17:00<\/p>\n<p><strong>Coffee-break<\/strong><\/p>\n<p style=\"color: #2980b9; font-weight: bold;\">17:00 \u2013 18:30<\/p>\n<p><strong>Session pl\u00e9ni\u00e8re 11 :<\/strong> Combattre le terrorisme<\/p>\n<p style=\"color: #2980b9; font-weight: bold;\">18:30 \u2013 19:30<\/p>\n<p><strong>Session pl\u00e9ni\u00e8re 12 :<\/strong> La stabilit\u00e9 politique et \u00e9conomique en Asie de l\u2019Est<\/p>\n<p style=\"color: #2980b9; font-weight: bold;\">20:00 \u2013 20:30<\/p>\n<p><strong>Cocktail<\/strong><\/p>\n<p style=\"color: #2980b9; font-weight: bold;\">20:30<\/p>\n<p><strong>D\u00eener officiel<\/strong><\/div><\/div><\/div><div class=\"vertical-tab\"><div class=\"vertical-tab-link\"><a href=\"#1-3\">Mardi 22 novembre<\/a><\/div><div id=\"1-3\" class=\"vertical-tab-content\"><div><\/p>\n<p style=\"color: #2980b9; font-weight: bold;\">08:45 \u2013 10:00<\/p>\n<p><strong>Session pl\u00e9ni\u00e8re 13 :<\/strong> Les principaux d\u00e9fis de l&rsquo;\u00e9conomie mondiale<\/p>\n<p style=\"color: #2980b9; font-weight: bold;\">10:00 \u2013 11:15<\/p>\n<p><strong>Session pl\u00e9ni\u00e8re 14 :<\/strong> Le r\u00f4le des hydrocarbures dans le paysage g\u00e9opolitique r\u00e9gional<\/p>\n<p style=\"color: #2980b9; font-weight: bold;\">11:15 \u2013 11:45<\/p>\n<p><strong>Pause caf\u00e9<\/strong><\/p>\n<p style=\"color: #2980b9; font-weight: bold;\">11:45 \u2013 12:30<\/p>\n<p><strong>Rapports des ateliers parall\u00e8les<\/strong><\/p>\n<p style=\"color: #2980b9; font-weight: bold;\">12:30 \u2013 13:00<\/p>\n<p><strong>Session pl\u00e9ni\u00e8re 15 :<\/strong> L&rsquo;Education et le r\u00f4le des femmes<\/p>\n<p style=\"color: #2980b9; font-weight: bold;\">13:00 \u2013 14:30<\/p>\n<p><strong>D\u00e9jeuner<\/strong><\/p>\n<p style=\"color: #2980b9; font-weight: bold;\">14:30 \u2013 15:45<\/p>\n<p><strong>Session pl\u00e9ni\u00e8re 16 :<\/strong> Diversification, \u00e9ducation et emploi au Moyen-Orient<\/p>\n<p style=\"color: #2980b9; font-weight: bold;\">15:45 \u2013 17:00<\/p>\n<p><strong>Session pl\u00e9ni\u00e8re 17 :<\/strong> Session Young Leaders : Bouleversements, populismes et le monde de demain<\/p>\n<p style=\"color: #2980b9; font-weight: bold;\">17:00 \u2013 17:30<\/p>\n<p><strong>Pause caf\u00e9<\/strong><\/p>\n<p style=\"color: #2980b9; font-weight: bold;\">17:30 \u2013 19:30<\/p>\n<p><strong>Session pl\u00e9ni\u00e8re 18 :<\/strong> D\u00e9bat final<\/p>\n<p style=\"color: #2980b9; font-weight: bold;\">19:30<\/p>\n<p><strong>Cl\u00f4ture<\/strong><\/div><\/div><\/div><\/div><\/div><\/div><div class=\"grid\"><div class=\"col\"><div><\/div><\/div><\/div><\/p>","protected":false},"excerpt":{"rendered":"","protected":false},"author":1,"featured_media":0,"comment_status":"closed","ping_status":"closed","sticky":false,"template":"","format":"standard","meta":{"footnotes":""},"categories":[5],"tags":[21],"class_list":["post-7671","post","type-post","status-publish","format-standard","hentry","category-agenda","tag-21"],"_links":{"self":[{"href":"https:\/\/www.worldpolicyconference.com\/fr\/wp-json\/wp\/v2\/posts\/7671","targetHints":{"allow":["GET"]}}],"collection":[{"href":"https:\/\/www.worldpolicyconference.com\/fr\/wp-json\/wp\/v2\/posts"}],"about":[{"href":"https:\/\/www.worldpolicyconference.com\/fr\/wp-json\/wp\/v2\/types\/post"}],"author":[{"embeddable":true,"href":"https:\/\/www.worldpolicyconference.com\/fr\/wp-json\/wp\/v2\/users\/1"}],"replies":[{"embeddable":true,"href":"https:\/\/www.worldpolicyconference.com\/fr\/wp-json\/wp\/v2\/comments?post=7671"}],"version-history":[{"count":0,"href":"https:\/\/www.worldpolicyconference.com\/fr\/wp-json\/wp\/v2\/posts\/7671\/revisions"}],"wp:attachment":[{"href":"https:\/\/www.worldpolicyconference.com\/fr\/wp-json\/wp\/v2\/media?parent=7671"}],"wp:term":[{"taxonomy":"category","embeddable":true,"href":"https:\/\/www.worldpolicyconference.com\/fr\/wp-json\/wp\/v2\/categories?post=7671"},{"taxonomy":"post_tag","embeddable":true,"href":"https:\/\/www.worldpolicyconference.com\/fr\/wp-json\/wp\/v2\/tags?post=7671"}],"curies":[{"name":"wp","href":"https:\/\/api.w.org\/{rel}","templated":true}]}}