{"id":773,"date":"2014-05-12T09:30:55","date_gmt":"2014-05-12T08:30:55","guid":{"rendered":"http:\/\/www.worldpolicyconference.com\/narcs-serra\/"},"modified":"2019-09-20T09:52:01","modified_gmt":"2019-09-20T08:52:01","slug":"narcs-serra","status":"publish","type":"post","link":"https:\/\/www.worldpolicyconference.com\/fr\/narcs-serra\/","title":{"rendered":"Narc\u00eds Serra"},"content":{"rendered":"<p><span style=\"font-weight: 400;\">Pr\u00e9sident de l\u2019IBEI, Institut Barcelona d\u2019Estudis Internacionals. Il est \u00e9galement vice-pr\u00e9sident de Telef\u00f3nica Chile et conseiller de Telecomunicaciones de S\u00e3o Paulo S\/A \u2013 TELESP. Auparavant, il a \u00e9t\u00e9 pr\u00e9sident du CIDOB (2000-2012) et pr\u00e9sident du conseil de surveillance du Museu Nacional d\u2019Art de Catalunya. Il a \u00e9t\u00e9 vice-pr\u00e9sident du gouvernement espagnol, ministre de la D\u00e9fense et maire de Barcelone. Il est titulaire d\u2019une licence d\u2019\u00e9conomie de l\u2019universit\u00e9 de Barcelone et d\u2019un doctorat en \u00e9conomie de l\u2019Universitat Aut\u00f2noma de Barcelona (UAB).<\/span><\/p>","protected":false},"excerpt":{"rendered":"<p>Pr\u00e9sident de l\u2019IBEI, Institut Barcelona d\u2019Estudis Internacionals. Il est \u00e9galement vice-pr\u00e9sident de Telef\u00f3nica Chile et conseiller de Telecomunicaciones de S\u00e3o Paulo S\/A \u2013 TELESP. Auparavant, il a \u00e9t\u00e9 pr\u00e9sident du<\/p>\n","protected":false},"author":1,"featured_media":9579,"comment_status":"closed","ping_status":"open","sticky":false,"template":"","format":"standard","meta":{"footnotes":""},"categories":[8],"tags":[15,16,17,14,10,20,30],"class_list":["post-773","post","type-post","status-publish","format-standard","has-post-thumbnail","hentry","category-invited-guests","tag-15","tag-16","tag-17","tag-14","tag-10","tag-20","tag-30"],"_links":{"self":[{"href":"https:\/\/www.worldpolicyconference.com\/fr\/wp-json\/wp\/v2\/posts\/773","targetHints":{"allow":["GET"]}}],"collection":[{"href":"https:\/\/www.worldpolicyconference.com\/fr\/wp-json\/wp\/v2\/posts"}],"about":[{"href":"https:\/\/www.worldpolicyconference.com\/fr\/wp-json\/wp\/v2\/types\/post"}],"author":[{"embeddable":true,"href":"https:\/\/www.worldpolicyconference.com\/fr\/wp-json\/wp\/v2\/users\/1"}],"replies":[{"embeddable":true,"href":"https:\/\/www.worldpolicyconference.com\/fr\/wp-json\/wp\/v2\/comments?post=773"}],"version-history":[{"count":0,"href":"https:\/\/www.worldpolicyconference.com\/fr\/wp-json\/wp\/v2\/posts\/773\/revisions"}],"wp:featuredmedia":[{"embeddable":true,"href":"https:\/\/www.worldpolicyconference.com\/fr\/wp-json\/wp\/v2\/media\/9579"}],"wp:attachment":[{"href":"https:\/\/www.worldpolicyconference.com\/fr\/wp-json\/wp\/v2\/media?parent=773"}],"wp:term":[{"taxonomy":"category","embeddable":true,"href":"https:\/\/www.worldpolicyconference.com\/fr\/wp-json\/wp\/v2\/categories?post=773"},{"taxonomy":"post_tag","embeddable":true,"href":"https:\/\/www.worldpolicyconference.com\/fr\/wp-json\/wp\/v2\/tags?post=773"}],"curies":[{"name":"wp","href":"https:\/\/api.w.org\/{rel}","templated":true}]}}