{"id":787,"date":"2014-05-12T09:33:03","date_gmt":"2014-05-12T08:33:03","guid":{"rendered":"http:\/\/www.worldpolicyconference.com\/serge-sur\/"},"modified":"2026-03-18T10:27:38","modified_gmt":"2026-03-18T09:27:38","slug":"serge-sur","status":"publish","type":"post","link":"https:\/\/www.worldpolicyconference.com\/fr\/serge-sur\/","title":{"rendered":"Serge Sur"},"content":{"rendered":"<p><\/p>\n<p style=\"text-align: justify;\"><span style=\"font-weight: 400;\">Membre de l&rsquo;Acad\u00e9mie des Sciences morales et politiques. Agr\u00e9g\u00e9 de droit public, il est professeur \u00e9m\u00e9rite de droit public \u00e0 l\u2019Universit\u00e9 Panth\u00e9on-Assas, o\u00f9 il a cr\u00e9\u00e9 et dirig\u00e9 (2000-2012) le Master relations internationales. Il a \u00e9t\u00e9 directeur adjoint de l\u2019UNIDIR, Gen\u00e8ve (1986-1996) et juge ad hoc \u00e0 la Cour internationale de justice de La Haye (2009-2012). Il a cr\u00e9\u00e9 et dirig\u00e9 (1999-2012) le Centre Thucydide-Analyse et recherche en relations internationales. Dans ce cadre il a cr\u00e9\u00e9 et dirig\u00e9 (2000-2020) l\u2019Annuaire fran\u00e7ais de relations internationales (AFRI). Il est \u00e9galement r\u00e9dacteur en chef de la revue bimestrielle Questions internationales (Documentation fran\u00e7aise) depuis 2003. Il a re\u00e7u en 2008 le prix \u00c9douard Bonnefous de l\u2019Acad\u00e9mie des sciences morales et politiques, Institut de France. Il a \u00e9t\u00e9 nomm\u00e9 Pr\u00e9sident du Conseil scientifique de la Douane (2022-2026).<\/span><\/p>\n<p><\/p>","protected":false},"excerpt":{"rendered":"<p>Membre de l&rsquo;Acad\u00e9mie des Sciences morales et politiques. Agr\u00e9g\u00e9 de droit public, il est professeur \u00e9m\u00e9rite de droit public \u00e0 l\u2019Universit\u00e9 Panth\u00e9on-Assas, o\u00f9 il a cr\u00e9\u00e9 et dirig\u00e9 (2000-2012) le<\/p>\n","protected":false},"author":1,"featured_media":16603,"comment_status":"closed","ping_status":"open","sticky":false,"template":"","format":"standard","meta":{"footnotes":""},"categories":[8],"tags":[15,16,17,14,19,22,25,30,127,153,155,157],"class_list":["post-787","post","type-post","status-publish","format-standard","has-post-thumbnail","hentry","category-invited-guests","tag-15","tag-16","tag-17","tag-14","tag-19","tag-22","tag-25","tag-30","tag-127","tag-153","tag-155","tag-157"],"_links":{"self":[{"href":"https:\/\/www.worldpolicyconference.com\/fr\/wp-json\/wp\/v2\/posts\/787","targetHints":{"allow":["GET"]}}],"collection":[{"href":"https:\/\/www.worldpolicyconference.com\/fr\/wp-json\/wp\/v2\/posts"}],"about":[{"href":"https:\/\/www.worldpolicyconference.com\/fr\/wp-json\/wp\/v2\/types\/post"}],"author":[{"embeddable":true,"href":"https:\/\/www.worldpolicyconference.com\/fr\/wp-json\/wp\/v2\/users\/1"}],"replies":[{"embeddable":true,"href":"https:\/\/www.worldpolicyconference.com\/fr\/wp-json\/wp\/v2\/comments?post=787"}],"version-history":[{"count":0,"href":"https:\/\/www.worldpolicyconference.com\/fr\/wp-json\/wp\/v2\/posts\/787\/revisions"}],"wp:featuredmedia":[{"embeddable":true,"href":"https:\/\/www.worldpolicyconference.com\/fr\/wp-json\/wp\/v2\/media\/16603"}],"wp:attachment":[{"href":"https:\/\/www.worldpolicyconference.com\/fr\/wp-json\/wp\/v2\/media?parent=787"}],"wp:term":[{"taxonomy":"category","embeddable":true,"href":"https:\/\/www.worldpolicyconference.com\/fr\/wp-json\/wp\/v2\/categories?post=787"},{"taxonomy":"post_tag","embeddable":true,"href":"https:\/\/www.worldpolicyconference.com\/fr\/wp-json\/wp\/v2\/tags?post=787"}],"curies":[{"name":"wp","href":"https:\/\/api.w.org\/{rel}","templated":true}]}}