{"id":789,"date":"2014-05-12T09:33:20","date_gmt":"2014-05-12T08:33:20","guid":{"rendered":"http:\/\/www.worldpolicyconference.com\/riad-tabet\/"},"modified":"2026-03-04T15:29:19","modified_gmt":"2026-03-04T14:29:19","slug":"riad-tabet","status":"publish","type":"post","link":"https:\/\/www.worldpolicyconference.com\/fr\/riad-tabet\/","title":{"rendered":"Riad Tabet"},"content":{"rendered":"<p><\/p>\n<p style=\"text-align: justify;\"><span style=\"font-weight: 400;\">Pr\u00e9sident de Berit International Holding SA, pr\u00e9sident de Batiliban-France Consortium franco-arabe pour le d\u00e9veloppement, administrateur et membre du bureau ex\u00e9cutif de la Chambre de commerce franco-arabe, Paris, administrateur et membre fondateur de la Chambre de commerce libano-am\u00e9ricaine, Beyrouth. Il a \u00e9t\u00e9 conseiller du pr\u00e9sident de la R\u00e9publique libanaise pour la Francophonie, conseiller du ministre des Finances pour le secteur priv\u00e9. Il est l\u2019auteur de nombreuses publications et \u00e9tudes dans les domaines du d\u00e9veloppement \u00e9conomique, de l\u2019environnement et de l\u2019am\u00e9nagement du territoire. Il est dipl\u00f4m\u00e9 de l\u2019Institut d\u2019urbanisme de l\u2019Universit\u00e9 de Paris-Sorbonne.<\/span><\/p>\n<p><\/p>","protected":false},"excerpt":{"rendered":"<p>Pr\u00e9sident de Berit International Holding SA, pr\u00e9sident de Batiliban-France Consortium franco-arabe pour le d\u00e9veloppement, administrateur et membre du bureau ex\u00e9cutif de la Chambre de commerce franco-arabe, Paris, administrateur et membre<\/p>\n","protected":false},"author":1,"featured_media":17451,"comment_status":"closed","ping_status":"open","sticky":false,"template":"","format":"standard","meta":{"footnotes":""},"categories":[8],"tags":[16,17,14,10,19,20,21,22,25,30,127,153,154,157],"class_list":["post-789","post","type-post","status-publish","format-standard","has-post-thumbnail","hentry","category-invited-guests","tag-16","tag-17","tag-14","tag-10","tag-19","tag-20","tag-21","tag-22","tag-25","tag-30","tag-127","tag-153","tag-154","tag-157"],"_links":{"self":[{"href":"https:\/\/www.worldpolicyconference.com\/fr\/wp-json\/wp\/v2\/posts\/789","targetHints":{"allow":["GET"]}}],"collection":[{"href":"https:\/\/www.worldpolicyconference.com\/fr\/wp-json\/wp\/v2\/posts"}],"about":[{"href":"https:\/\/www.worldpolicyconference.com\/fr\/wp-json\/wp\/v2\/types\/post"}],"author":[{"embeddable":true,"href":"https:\/\/www.worldpolicyconference.com\/fr\/wp-json\/wp\/v2\/users\/1"}],"replies":[{"embeddable":true,"href":"https:\/\/www.worldpolicyconference.com\/fr\/wp-json\/wp\/v2\/comments?post=789"}],"version-history":[{"count":0,"href":"https:\/\/www.worldpolicyconference.com\/fr\/wp-json\/wp\/v2\/posts\/789\/revisions"}],"wp:featuredmedia":[{"embeddable":true,"href":"https:\/\/www.worldpolicyconference.com\/fr\/wp-json\/wp\/v2\/media\/17451"}],"wp:attachment":[{"href":"https:\/\/www.worldpolicyconference.com\/fr\/wp-json\/wp\/v2\/media?parent=789"}],"wp:term":[{"taxonomy":"category","embeddable":true,"href":"https:\/\/www.worldpolicyconference.com\/fr\/wp-json\/wp\/v2\/categories?post=789"},{"taxonomy":"post_tag","embeddable":true,"href":"https:\/\/www.worldpolicyconference.com\/fr\/wp-json\/wp\/v2\/tags?post=789"}],"curies":[{"name":"wp","href":"https:\/\/api.w.org\/{rel}","templated":true}]}}