{"id":795,"date":"2014-05-12T09:34:13","date_gmt":"2014-05-12T08:34:13","guid":{"rendered":"http:\/\/www.worldpolicyconference.com\/mostafa-terrab\/"},"modified":"2019-08-29T09:27:24","modified_gmt":"2019-08-29T08:27:24","slug":"mostafa-terrab","status":"publish","type":"post","link":"https:\/\/www.worldpolicyconference.com\/fr\/mostafa-terrab\/","title":{"rendered":"Mostafa Terrab"},"content":{"rendered":"<p><\/p>\n<p style=\"text-align: justify;\"><span style=\"font-weight: 400;\">Pr\u00e9sident-directeur g\u00e9n\u00e9ral du groupe OCP. Il a \u00e9t\u00e9 conseiller au sein du cabinet royal et secr\u00e9taire g\u00e9n\u00e9ral du sommet \u00e9conomique du MENA. En 1998, il a \u00e9t\u00e9 nomm\u00e9 directeur g\u00e9n\u00e9ral de l\u2019Agence nationale de r\u00e9glementation des t\u00e9l\u00e9communications. Il a ensuite rejoint la Banque mondiale comme sp\u00e9cialiste de la r\u00e9glementation au service de l\u2019Information et des communications internationales et a pr\u00e9sid\u00e9 le programme Informations pour le d\u00e9veloppement de la Banque mondiale. Il est titulaire d\u2019une ma\u00eetrise et d\u2019un doctorat en recherche op\u00e9rationnelle du Massachusetts Institute of Technology et est dipl\u00f4m\u00e9 de l\u2019ENPC, Paris.<\/span><\/p>\n<p><\/p>","protected":false},"excerpt":{"rendered":"<p>Pr\u00e9sident-directeur g\u00e9n\u00e9ral du groupe OCP. Il a \u00e9t\u00e9 conseiller au sein du cabinet royal et secr\u00e9taire g\u00e9n\u00e9ral du sommet \u00e9conomique du MENA. En 1998, il a \u00e9t\u00e9 nomm\u00e9 directeur g\u00e9n\u00e9ral<\/p>\n","protected":false},"author":1,"featured_media":10901,"comment_status":"closed","ping_status":"open","sticky":false,"template":"","format":"standard","meta":{"footnotes":""},"categories":[8],"tags":[15,16,17,10,20,22,25,30],"class_list":["post-795","post","type-post","status-publish","format-standard","has-post-thumbnail","hentry","category-invited-guests","tag-15","tag-16","tag-17","tag-10","tag-20","tag-22","tag-25","tag-30"],"_links":{"self":[{"href":"https:\/\/www.worldpolicyconference.com\/fr\/wp-json\/wp\/v2\/posts\/795","targetHints":{"allow":["GET"]}}],"collection":[{"href":"https:\/\/www.worldpolicyconference.com\/fr\/wp-json\/wp\/v2\/posts"}],"about":[{"href":"https:\/\/www.worldpolicyconference.com\/fr\/wp-json\/wp\/v2\/types\/post"}],"author":[{"embeddable":true,"href":"https:\/\/www.worldpolicyconference.com\/fr\/wp-json\/wp\/v2\/users\/1"}],"replies":[{"embeddable":true,"href":"https:\/\/www.worldpolicyconference.com\/fr\/wp-json\/wp\/v2\/comments?post=795"}],"version-history":[{"count":0,"href":"https:\/\/www.worldpolicyconference.com\/fr\/wp-json\/wp\/v2\/posts\/795\/revisions"}],"wp:featuredmedia":[{"embeddable":true,"href":"https:\/\/www.worldpolicyconference.com\/fr\/wp-json\/wp\/v2\/media\/10901"}],"wp:attachment":[{"href":"https:\/\/www.worldpolicyconference.com\/fr\/wp-json\/wp\/v2\/media?parent=795"}],"wp:term":[{"taxonomy":"category","embeddable":true,"href":"https:\/\/www.worldpolicyconference.com\/fr\/wp-json\/wp\/v2\/categories?post=795"},{"taxonomy":"post_tag","embeddable":true,"href":"https:\/\/www.worldpolicyconference.com\/fr\/wp-json\/wp\/v2\/tags?post=795"}],"curies":[{"name":"wp","href":"https:\/\/api.w.org\/{rel}","templated":true}]}}