{"id":799,"date":"2014-05-12T09:34:51","date_gmt":"2014-05-12T08:34:51","guid":{"rendered":"http:\/\/www.worldpolicyconference.com\/ahmad-tibi\/"},"modified":"2018-06-12T09:38:49","modified_gmt":"2018-06-12T08:38:49","slug":"ahmad-tibi","status":"publish","type":"post","link":"https:\/\/www.worldpolicyconference.com\/fr\/ahmad-tibi\/","title":{"rendered":"Ahmad Tibi"},"content":{"rendered":"<p><\/p>\n<p>Dr Ahmed Tibi est un Personnalit\u00e9 politique arabe isra\u00e9lien et leader du Mouvement arabe pour le Changement <em>Ta\u2019al<\/em> en Isra\u00ebl. Il est actuellement adjoint du Pr\u00e9sident de la Knesset, le Directeur de la faction parlementaire <em>Raam-Taal<\/em> et \u00e0 la t\u00eate de la commission d\u2019enqu\u00eate parlementaire sur l\u2019emploi des Arabes dans le secteur public. Avant d\u2019avoir \u00e9t\u00e9 \u00e9lu par la Knesset en 1999, Tibi a \u00e9t\u00e9 conseiller principal du feu Pr\u00e9sident palestinien, Yasser Arafat\u00a0et le porte-parole de la d\u00e9l\u00e9gation palestinienne au sommet de Why River. Comme l\u2019un des politiciens les plus en vue en Isra\u00ebl, il se d\u00e9cline comme arabo-palestinien de nationalit\u00e9 et isra\u00e9lien en tant que citoyen. Il est \u00e9galement m\u00e9decin ayant obtenu son dipl\u00f4me de m\u00e9decine \u00e0 l\u2019universit\u00e9 h\u00e9bra\u00efque de J\u00e9rusalem en Isra\u00ebl.<\/p>\n<p><\/p>","protected":false},"excerpt":{"rendered":"<p>Dr Ahmed Tibi est un Personnalit\u00e9 politique arabe isra\u00e9lien et leader du Mouvement arabe pour le Changement Ta\u2019al en Isra\u00ebl. Il est actuellement adjoint du Pr\u00e9sident de la Knesset, le<\/p>\n","protected":false},"author":1,"featured_media":10614,"comment_status":"closed","ping_status":"open","sticky":false,"template":"","format":"standard","meta":{"footnotes":""},"categories":[8],"tags":[16],"class_list":["post-799","post","type-post","status-publish","format-standard","has-post-thumbnail","hentry","category-invited-guests","tag-16"],"_links":{"self":[{"href":"https:\/\/www.worldpolicyconference.com\/fr\/wp-json\/wp\/v2\/posts\/799","targetHints":{"allow":["GET"]}}],"collection":[{"href":"https:\/\/www.worldpolicyconference.com\/fr\/wp-json\/wp\/v2\/posts"}],"about":[{"href":"https:\/\/www.worldpolicyconference.com\/fr\/wp-json\/wp\/v2\/types\/post"}],"author":[{"embeddable":true,"href":"https:\/\/www.worldpolicyconference.com\/fr\/wp-json\/wp\/v2\/users\/1"}],"replies":[{"embeddable":true,"href":"https:\/\/www.worldpolicyconference.com\/fr\/wp-json\/wp\/v2\/comments?post=799"}],"version-history":[{"count":0,"href":"https:\/\/www.worldpolicyconference.com\/fr\/wp-json\/wp\/v2\/posts\/799\/revisions"}],"wp:featuredmedia":[{"embeddable":true,"href":"https:\/\/www.worldpolicyconference.com\/fr\/wp-json\/wp\/v2\/media\/10614"}],"wp:attachment":[{"href":"https:\/\/www.worldpolicyconference.com\/fr\/wp-json\/wp\/v2\/media?parent=799"}],"wp:term":[{"taxonomy":"category","embeddable":true,"href":"https:\/\/www.worldpolicyconference.com\/fr\/wp-json\/wp\/v2\/categories?post=799"},{"taxonomy":"post_tag","embeddable":true,"href":"https:\/\/www.worldpolicyconference.com\/fr\/wp-json\/wp\/v2\/tags?post=799"}],"curies":[{"name":"wp","href":"https:\/\/api.w.org\/{rel}","templated":true}]}}