{"id":801,"date":"2014-05-12T09:35:15","date_gmt":"2014-05-12T08:35:15","guid":{"rendered":"http:\/\/www.worldpolicyconference.com\/jean-claude-trichet\/"},"modified":"2026-03-04T16:14:34","modified_gmt":"2026-03-04T15:14:34","slug":"jean-claude-trichet","status":"publish","type":"post","link":"https:\/\/www.worldpolicyconference.com\/fr\/jean-claude-trichet\/","title":{"rendered":"Jean-Claude Trichet"},"content":{"rendered":"<p><\/p>\n<p style=\"text-align: justify;\"><span style=\"font-weight: 400;\">Ancien Pr\u00e9sident de l\u2019Acad\u00e9mie des Sciences Morales et Politiques. Il est Pr\u00e9sident honoraire du Conseil d\u2019Administration de l\u2019Institut Bruegel (Bruxelles), Pr\u00e9sident honoraire du Groupe des 30 (Washington) et Pr\u00e9sident europ\u00e9en honoraire de la Commission Trilat\u00e9rale. Jean-Claude Trichet a \u00e9t\u00e9 Pr\u00e9sident de la Banque Centrale Europ\u00e9enne de 2003 \u00e0 2011. Il a \u00e9t\u00e9 gouverneur de la Banque de France de 1993 \u00e0 2003 et directeur du Tr\u00e9sor de 1987 \u00e0 1993. Il a exerc\u00e9 les responsabilit\u00e9s de Pr\u00e9sident du Club de Paris (r\u00e9\u00e9chelonnement des dettes souveraines) (1985-1993), de Pr\u00e9sident du Comit\u00e9 mon\u00e9taire europ\u00e9en (1992-1993), de Pr\u00e9sident du Groupe des 10 Gouverneurs de banque centrale et de Pr\u00e9sident de la R\u00e9union de l\u2019\u00e9conomie mondiale \u00e0 B\u00e2le (2002-2011). Il a \u00e9t\u00e9 Pr\u00e9sident de la Sogepa (Soci\u00e9t\u00e9 de Gestion des Participations A\u00e9ronautiques) (2012-2013) et administrateur de Airbus Group (2012-2018). Il est nomm\u00e9 \u00ab Personnalit\u00e9 de l\u2019ann\u00e9e \u00bb du <em>Financial Times<\/em> (2007) et n\u00b0 5 dans la liste des personnalit\u00e9s les plus influentes du monde (<em>Newsweek<\/em>, 2008). N\u00e9 \u00e0 Lyon en 1942, Jean-Claude Trichet est inspecteur g\u00e9n\u00e9ral des Finances honoraire et ing\u00e9nieur civil des Mines. Il est dipl\u00f4m\u00e9 de l\u2019Institut d\u2019\u00e9tudes politiques de Paris, de l\u2019Universit\u00e9 de Paris (\u00e9conomie) et de l\u2019\u00c9cole Nationale d\u2019Administration. Il est Docteur <em>honoris causa<\/em> de plusieurs universit\u00e9s.<\/span><\/p>\n<p><\/p>","protected":false},"excerpt":{"rendered":"<p>Ancien Pr\u00e9sident de l\u2019Acad\u00e9mie des Sciences Morales et Politiques. Il est Pr\u00e9sident honoraire du Conseil d\u2019Administration de l\u2019Institut Bruegel (Bruxelles), Pr\u00e9sident honoraire du Groupe des 30 (Washington) et Pr\u00e9sident europ\u00e9en<\/p>\n","protected":false},"author":1,"featured_media":14387,"comment_status":"closed","ping_status":"open","sticky":false,"template":"","format":"standard","meta":{"footnotes":""},"categories":[8],"tags":[18,16,14,10,19,20,21,25,30,127,153,154,155,157],"class_list":["post-801","post","type-post","status-publish","format-standard","has-post-thumbnail","hentry","category-invited-guests","tag-18","tag-16","tag-14","tag-10","tag-19","tag-20","tag-21","tag-25","tag-30","tag-127","tag-153","tag-154","tag-155","tag-157"],"_links":{"self":[{"href":"https:\/\/www.worldpolicyconference.com\/fr\/wp-json\/wp\/v2\/posts\/801","targetHints":{"allow":["GET"]}}],"collection":[{"href":"https:\/\/www.worldpolicyconference.com\/fr\/wp-json\/wp\/v2\/posts"}],"about":[{"href":"https:\/\/www.worldpolicyconference.com\/fr\/wp-json\/wp\/v2\/types\/post"}],"author":[{"embeddable":true,"href":"https:\/\/www.worldpolicyconference.com\/fr\/wp-json\/wp\/v2\/users\/1"}],"replies":[{"embeddable":true,"href":"https:\/\/www.worldpolicyconference.com\/fr\/wp-json\/wp\/v2\/comments?post=801"}],"version-history":[{"count":0,"href":"https:\/\/www.worldpolicyconference.com\/fr\/wp-json\/wp\/v2\/posts\/801\/revisions"}],"wp:featuredmedia":[{"embeddable":true,"href":"https:\/\/www.worldpolicyconference.com\/fr\/wp-json\/wp\/v2\/media\/14387"}],"wp:attachment":[{"href":"https:\/\/www.worldpolicyconference.com\/fr\/wp-json\/wp\/v2\/media?parent=801"}],"wp:term":[{"taxonomy":"category","embeddable":true,"href":"https:\/\/www.worldpolicyconference.com\/fr\/wp-json\/wp\/v2\/categories?post=801"},{"taxonomy":"post_tag","embeddable":true,"href":"https:\/\/www.worldpolicyconference.com\/fr\/wp-json\/wp\/v2\/tags?post=801"}],"curies":[{"name":"wp","href":"https:\/\/api.w.org\/{rel}","templated":true}]}}