{"id":805,"date":"2014-05-12T09:35:49","date_gmt":"2014-05-12T08:35:49","guid":{"rendered":"http:\/\/www.worldpolicyconference.com\/hubert-vdrine\/"},"modified":"2026-03-18T10:29:59","modified_gmt":"2026-03-18T09:29:59","slug":"hubert-vdrine","status":"publish","type":"post","link":"https:\/\/www.worldpolicyconference.com\/fr\/hubert-vdrine\/","title":{"rendered":"Hubert V\u00e9drine"},"content":{"rendered":"<p><\/p>\n<p style=\"text-align: justify;\"><span style=\"font-weight: 400;\">Fondateur d\u2019Hubert V\u00e9drine Conseil, soci\u00e9t\u00e9 de conseil sp\u00e9cialis\u00e9e dans les probl\u00e9matiques internationales, \u00e9conomiques et g\u00e9opolitiques. Il a \u00e9t\u00e9 pr\u00e9sident de l\u2019Institut Fran\u00e7ois Mitterrand jusqu&rsquo;en 2022. Avant cela, Hubert V\u00e9drine a assum\u00e9 les fonctions de ministre des Affaires \u00e9trang\u00e8res sous le gouvernement de Lionel Jospin, de juin 1997 \u00e0 mai 2002. De 1996 \u00e0 1997, il a \u00e9t\u00e9 associ\u00e9 au cabinet d\u2019avocats Jeantet et Associ\u00e9s. Il a si\u00e9g\u00e9 au Conseil d\u2019\u00c9tat comme ma\u00eetre des requ\u00eates en 1986-1988 et en 1995-1996, puis en 2002-2003. De 2005 \u00e0 2021, il a anim\u00e9 \u00e0 Sciences Po un s\u00e9minaire sur la perception des menaces dans les relations internationales. De 1981 \u00e0 1995, il a \u00e9t\u00e9 \u00e0 la pr\u00e9sidence de la R\u00e9publique conseiller diplomatique, porte-parole et, de 1991 \u00e0 1995, secr\u00e9taire g\u00e9n\u00e9ral. Auparavant, il a \u00e9t\u00e9 administrateur civil au minist\u00e8re de la Culture, de 1974 \u00e0 1981. En 2020, il a \u00e9t\u00e9 d\u00e9sign\u00e9 par la France pour participer au groupe de personnalit\u00e9s charg\u00e9 d&rsquo;une r\u00e9flexion sur l&rsquo;avenir de l\u2019OTAN en 2030. Il est l\u2019auteur de nombreux ouvrages. En juin 2020, il publie un essai sur la pand\u00e9mie, <em>Et apr\u00e8s ?<\/em> (Fayard), en f\u00e9vrier 2021 un <em>Dictionnaire amoureux de la g\u00e9opolitique<\/em> (Plon) et en 2022, <em>Une vision du Monde<\/em> (BOUQUINS) qui regroupe ses principaux textes des 30 derni\u00e8res ann\u00e9es. En 2024, il dirige l&rsquo;ouvrage collectif <em>Les Grands diplomates<\/em> chez Perrin, publie une nouvelle \u00e9dition de son<em> Atlas des crises et des conflits<\/em> (avec Pascal Boniface) et signe un texte tr\u00e8s personnel, <em>Camus, notre rempart<\/em>, chez Plon. En janvier 2025, il a publi\u00e9 un <em>Nouveau Dictionnaire amoureux de la g\u00e9opolitique<\/em> (Plon). Monsieur V\u00e9drine a aussi une licence en histoire, et est un ancien \u00e9l\u00e8ve de l\u2019ENA.<\/span><\/p>\n<p><\/p>","protected":false},"excerpt":{"rendered":"<p>Fondateur d\u2019Hubert V\u00e9drine Conseil, soci\u00e9t\u00e9 de conseil sp\u00e9cialis\u00e9e dans les probl\u00e9matiques internationales, \u00e9conomiques et g\u00e9opolitiques. Il a \u00e9t\u00e9 pr\u00e9sident de l\u2019Institut Fran\u00e7ois Mitterrand jusqu&rsquo;en 2022. Avant cela, Hubert V\u00e9drine a<\/p>\n","protected":false},"author":1,"featured_media":17509,"comment_status":"closed","ping_status":"open","sticky":false,"template":"","format":"standard","meta":{"footnotes":""},"categories":[8],"tags":[18,15,16,17,14,10,19,20,21,22,25,30,153,155,157],"class_list":["post-805","post","type-post","status-publish","format-standard","has-post-thumbnail","hentry","category-invited-guests","tag-18","tag-15","tag-16","tag-17","tag-14","tag-10","tag-19","tag-20","tag-21","tag-22","tag-25","tag-30","tag-153","tag-155","tag-157"],"_links":{"self":[{"href":"https:\/\/www.worldpolicyconference.com\/fr\/wp-json\/wp\/v2\/posts\/805","targetHints":{"allow":["GET"]}}],"collection":[{"href":"https:\/\/www.worldpolicyconference.com\/fr\/wp-json\/wp\/v2\/posts"}],"about":[{"href":"https:\/\/www.worldpolicyconference.com\/fr\/wp-json\/wp\/v2\/types\/post"}],"author":[{"embeddable":true,"href":"https:\/\/www.worldpolicyconference.com\/fr\/wp-json\/wp\/v2\/users\/1"}],"replies":[{"embeddable":true,"href":"https:\/\/www.worldpolicyconference.com\/fr\/wp-json\/wp\/v2\/comments?post=805"}],"version-history":[{"count":0,"href":"https:\/\/www.worldpolicyconference.com\/fr\/wp-json\/wp\/v2\/posts\/805\/revisions"}],"wp:featuredmedia":[{"embeddable":true,"href":"https:\/\/www.worldpolicyconference.com\/fr\/wp-json\/wp\/v2\/media\/17509"}],"wp:attachment":[{"href":"https:\/\/www.worldpolicyconference.com\/fr\/wp-json\/wp\/v2\/media?parent=805"}],"wp:term":[{"taxonomy":"category","embeddable":true,"href":"https:\/\/www.worldpolicyconference.com\/fr\/wp-json\/wp\/v2\/categories?post=805"},{"taxonomy":"post_tag","embeddable":true,"href":"https:\/\/www.worldpolicyconference.com\/fr\/wp-json\/wp\/v2\/tags?post=805"}],"curies":[{"name":"wp","href":"https:\/\/api.w.org\/{rel}","templated":true}]}}