{"id":8053,"date":"2017-06-20T14:24:06","date_gmt":"2017-06-20T13:24:06","guid":{"rendered":"https:\/\/www.worldpolicyconference.com\/?p=8053"},"modified":"2018-06-19T14:34:25","modified_gmt":"2018-06-19T13:34:25","slug":"2016-conference-proceedings","status":"publish","type":"post","link":"https:\/\/www.worldpolicyconference.com\/fr\/2016-conference-proceedings\/","title":{"rendered":"Actes de conf\u00e9rence 2016"},"content":{"rendered":"<p><div class=\"grid\"><div class=\"col\">\n<div class=\"clearfix\">\n<ul id=\"proceedings-nav\" class=\"nav nav-pills pull-right\">\n<li class=\"active\"><a href=\"#dim-20-nov\" data-toggle=\"tab\">DIMANCHE 20 NOVEMBRE<\/a><\/li>\n<li><a href=\"#lun-21-nov\" data-toggle=\"tab\">LUNDI 21 NOVEMBRE<\/a><\/li>\n<li><a href=\"#mar-22-nov\" data-toggle=\"tab\">MARDI 22 NOVEMBRE<\/a><\/li>\n<\/ul>\n<\/div>\n<div class=\"tab-content\">\n<div class=\"tab-pane fade active in\" id=\"dim-20-nov\">\n<div class=\"vertical-tabs-container\">\n<div class=\"vertical-tab\"><div class=\"vertical-tab-link\"><a href=\"#dim-20-nov-0\">08:30 \u2013 09:30<br \/>Caf\u00e9 d\u2019accueil<\/a><\/div><div id=\"dim-20-nov-0\" class=\"vertical-tab-content\">\n<h1 style=\"margin-bottom: 25px;\" class=\"text-right\">08:30 \u2013 09:30 |\u00a0Caf\u00e9 d\u2019accueil<\/h1>\n<\/div><\/div>\n<div class=\"vertical-tab\"><div class=\"vertical-tab-link\"><a href=\"#dim-20-nov-1\">09:30 \u2013 10:30<br \/>Ouverture<\/a><\/div><div id=\"dim-20-nov-1\" class=\"vertical-tab-content\">\n<h1 style=\"margin-bottom: 25px;\" class=\"text-right\">09:30 \u2013 10:30 |\u00a0Ouverture<\/h1>\n<h2 style=\"clear: both;\">Thierry de Montbrial<\/h2>\n<p><strong>Pre\u0301sident et fondateur de la World Policy Conference<\/strong><\/p>\n<blockquote>\n<p style=\"font-weight: 100;\">Un quart de si\u00e8cle apr\u00e8s la fin de la guerre froide, le temps n\u2019est plus de r\u00eaver \u00e0 une mondialisation na\u00efve, \u00e0 la fin de l\u2019Histoire. Mais il faut apprendre \u00e0 mieux vivre avec la mondialisation r\u00e9elle, c&rsquo;est-\u00e0-dire avec un degr\u00e9 d\u2019interd\u00e9pendance appel\u00e9 \u00e0 s\u2019approfondir encore consid\u00e9rablement.<\/p>\n<\/blockquote>\n<div class=\"video-thumb\" style=\"background-image: url(https:\/\/img.youtube.com\/vi\/HlitX1V1390\/0.jpg);\"><a class=\"venobox video-img-link\" data-type=\"youtube\" href=\"https:\/\/youtu.be\/HlitX1V1390\"><i class=\"fa fa-play-circle-o\"><\/i><\/a><\/div>\n<p style=\"text-align: right;padding: 40px 0 60px 0;\"><a class=\"button small\" style=\"background: #1abc9c !important;\" href=\"https:\/\/www.worldpolicyconference.com\/wp-content\/uploads\/2016-proceedings-pdf\/fr\/1.opening_thierrydemontbrial_vf.pdf\" target=\"_blank\"><i class=\"fa fa-book\" style=\"font-size: 14px; color: #fff\"><\/i> Lire le texte int\u00e9gral<\/a><\/p>\n<h2 style=\"clear: both;\">Sheikh Abdullah bin Naser bin Khalifa Al-Thani<\/h2>\n<p><strong>Premier ministre, Qatar<\/strong><\/p>\n<blockquote>\n<p style=\"font-weight: 100;\">Sans doute, sommes-nous tous conscients de ce que notre monde contemporain traverse une phase remplie de graves d\u00e9fis pos\u00e9s \u00e0 la s\u00e9curit\u00e9, \u00e0 la stabilit\u00e9 et au d\u00e9veloppement durable, alors que le syst\u00e8me mondial accuse toujours un d\u00e9s\u00e9quilibre, souffrant du \u201cdeux poids deux mesures\u201d dans la mani\u00e8re d&rsquo;aborder les probl\u00e8mes des peuples.<\/p>\n<\/blockquote>\n<div class=\"video-thumb\" style=\"background-image: url(https:\/\/img.youtube.com\/vi\/d6B7ZniSaG0\/0.jpg);\"><a class=\"venobox video-img-link\" data-type=\"youtube\" href=\"https:\/\/youtu.be\/d6B7ZniSaG0\"><i class=\"fa fa-play-circle-o\"><\/i><\/a><\/div>\n<p style=\"text-align: right;padding: 40px 0 60px 0;\"><a class=\"button small\" style=\"background: #1abc9c !important;\" href=\"https:\/\/www.worldpolicyconference.com\/wp-content\/uploads\/2016-proceedings-pdf\/fr\/2.opening_sheikh-al-thani_vf.pdf\" target=\"_blank\"><i class=\"fa fa-book\" style=\"font-size: 14px; color: #fff\"><\/i> Lire le texte int\u00e9gral<\/a><\/p>\n<h2 style=\"clear: both;\">Jean-Marc Ayrault<\/h2>\n<p><strong>Ministre des Affaires e\u0301trange\u0300res et du De\u0301veloppement international, France<\/strong><\/p>\n<blockquote>\n<p style=\"font-weight: 100;\">Face aux d\u00e9sordres du monde, la seule r\u00e9ponse consiste \u00e0 unir nos forces, \u00e0 faire preuve de solidarit\u00e9 et \u00e0 trouver des solutions collectives \u00e0 des probl\u00e8mes communs. Nous devons continuer \u00e0 agir. Agir sans rel\u00e2che. Agir en restant fid\u00e8les \u00e0 nos principes. Ne jamais nous r\u00e9signer. C\u2019est la conviction de la France.<\/p>\n<\/blockquote>\n<div class=\"video-thumb\" style=\"background-image: url(https:\/\/img.youtube.com\/vi\/LEYhkBfULdY\/0.jpg);\"><a class=\"venobox video-img-link\" data-type=\"youtube\" href=\"https:\/\/youtu.be\/LEYhkBfULdY\"><i class=\"fa fa-play-circle-o\"><\/i><\/a><\/div>\n<p style=\"text-align: right;padding: 40px 0 60px 0;\"><a class=\"button small\" style=\"background: #1abc9c !important;\" href=\"https:\/\/www.worldpolicyconference.com\/wp-content\/uploads\/2016-proceedings-pdf\/fr\/3.opening_jeanmarcayrault_vf.pdf\" target=\"_blank\"><i class=\"fa fa-book\" style=\"font-size: 14px; color: #fff\"><\/i> Lire le texte int\u00e9gral<\/a><\/p>\n<h2 style=\"clear: both;\">Jim Hoagland<\/h2>\n<p><strong>Conseiller de la re\u0301daction de The Washington Post<\/strong><\/p>\n<p style=\"text-align: right;\"><a class=\"button small\" style=\"background: #1abc9c !important;\" href=\"https:\/\/www.worldpolicyconference.com\/wp-content\/uploads\/2016-proceedings-pdf\/fr\/4.opening_intro_hoagland_vf.pdf\" target=\"_blank\"><i class=\"fa fa-book\" style=\"font-size: 14px; color: #fff\"><\/i> Lire le texte int\u00e9gral<\/a><\/p>\n<h2 style=\"clear: both;\">Ahmet Davutoglu<\/h2>\n<p><strong>Ancien Premier ministre, Turquie<\/strong><\/p>\n<blockquote>\n<p style=\"font-weight: 100;\">La question est claire. Nous dirigeons-nous vers la gouvernance mondiale ou vers le d\u00e9sordre mondial ? Si vous visitez ces capitales, vous verrez que l\u2019inqui\u00e9tude est omnipr\u00e9sente. Quel est l\u2019avenir des syst\u00e8mes internationaux ? Quel est l\u2019avenir de l\u2019UE ? Quelle sera la politique du pr\u00e9sident am\u00e9ricain Donald Trump ? Quel sera l\u2019avenir du Moyen-Orient ? <\/p>\n<\/blockquote>\n<div class=\"video-thumb\" style=\"background-image: url(https:\/\/img.youtube.com\/vi\/MSlIdP7a_G0\/0.jpg);\"><a class=\"venobox video-img-link\" data-type=\"youtube\" href=\"https:\/\/youtu.be\/MSlIdP7a_G0\"><i class=\"fa fa-play-circle-o\"><\/i><\/a><\/div>\n<p style=\"text-align: right;padding: 40px 0 60px 0;\"><a class=\"button small\" style=\"background: #1abc9c !important;\" href=\"https:\/\/www.worldpolicyconference.com\/wp-content\/uploads\/2016-proceedings-pdf\/fr\/5.opening_davutoglu_vf.pdf\" target=\"_blank\"><i class=\"fa fa-book\" style=\"font-size: 14px; color: #fff\"><\/i> Lire le texte int\u00e9gral<\/a><\/p>\n<\/div><\/div>\n<div class=\"vertical-tab\"><div class=\"vertical-tab-link\"><a href=\"#dim-20-nov-2\">10:45 \u2013 12:30<br \/>Session pl\u00e9ni\u00e8re 1<\/a><\/div><div id=\"dim-20-nov-2\" class=\"vertical-tab-content\">\n<h1 style=\"margin-bottom: 10px;\" class=\"text-right\">10:45 \u2013 12:30 |\u00a0Session pl\u00e9ni\u00e8re 1<\/h1>\n<h1 style=\"margin-bottom: 25px;\" class=\"text-right\">L\u2019avenir du Moyen-Orient<\/h1>\n<h2 style=\"clear: both;\">Jim Hoagland<\/h2>\n<p><strong>Conseiller de la re\u0301daction de The Washington Post<\/strong><\/p>\n<p style=\"text-align: right;\"><a class=\"button small\" style=\"background: #1abc9c !important;\" href=\"https:\/\/www.worldpolicyconference.com\/wp-content\/uploads\/2016-proceedings-pdf\/fr\/1a.session1_intro_hoagland_vf.pdf\" target=\"_blank\"><i class=\"fa fa-book\" style=\"font-size: 14px; color: #fff\"><\/i> Lire le texte int\u00e9gral<\/a><\/p>\n<h2 style=\"clear: both;\">Youssef Amrani<\/h2>\n<p><strong>Cabinet royal, Maroc<\/strong><\/p>\n<blockquote>\n<p style=\"font-weight: 100;\">La peur a pris le dessus et maintenant, la mondialisation est consid\u00e9r\u00e9e comme la racine du mal, et m\u00eame de tous les maux. Allons-nous pour autant abandonner l&rsquo;exp\u00e9rience de la mondialisation ? Ou allons-nous essayer de maintenir les choses comme elles sont et nous lancer dans un combat inutile pour sauver \u00ab ce qui s&rsquo;est toujours fait \u00bb ? Bien \u00e9videmment, ni l&rsquo;un, ni l&rsquo;autre.<\/p>\n<\/blockquote>\n<div class=\"video-thumb\" style=\"background-image: url(https:\/\/img.youtube.com\/vi\/faBO_02MmBk\/0.jpg);\"><a class=\"venobox video-img-link\" data-type=\"youtube\" href=\"https:\/\/youtu.be\/faBO_02MmBk\"><i class=\"fa fa-play-circle-o\"><\/i><\/a><\/div>\n<p style=\"text-align: right;padding: 40px 0 60px 0;\"><a class=\"button small\" style=\"background: #1abc9c !important;\" href=\"https:\/\/www.worldpolicyconference.com\/wp-content\/uploads\/2016-proceedings-pdf\/fr\/1.session1_amrani_vf.pdf\" target=\"_blank\"><i class=\"fa fa-book\" style=\"font-size: 14px; color: #fff\"><\/i> Lire le texte int\u00e9gral<\/a><\/p>\n<h2 style=\"clear: both;\">Saeb Erekat<\/h2>\n<p><strong>Ne\u0301gociateur en chef palestinien, Palestine<\/strong><\/p>\n<blockquote>\n<p style=\"font-weight: 100;\">Entendez-moi bien : ce qui se passe en ce moment dans le monde arabe est exactement ce qui s\u2019est pass\u00e9 en Europe le 15 mars 1848, quand le Chancelier Metternich a d\u00fb fuir son palais apr\u00e8s trois semaines de manifestations pacifiques \u00e0 Vienne.<\/p>\n<\/blockquote>\n<div class=\"video-thumb\" style=\"background-image: url(https:\/\/img.youtube.com\/vi\/dxToZVpqx0A\/0.jpg);\"><a class=\"venobox video-img-link\" data-type=\"youtube\" href=\"https:\/\/youtu.be\/dxToZVpqx0A\"><i class=\"fa fa-play-circle-o\"><\/i><\/a><\/div>\n<p style=\"text-align: right;padding: 40px 0 60px 0;\"><a class=\"button small\" style=\"background: #1abc9c !important;\" href=\"https:\/\/www.worldpolicyconference.com\/wp-content\/uploads\/2016-proceedings-pdf\/fr\/2.session1_erekat_vf.pdf\" target=\"_blank\"><i class=\"fa fa-book\" style=\"font-size: 14px; color: #fff\"><\/i> Lire le texte int\u00e9gral<\/a><\/p>\n<h2 style=\"clear: both;\">Jim Hoagland<\/h2>\n<p><strong>Conseiller de la re\u0301daction de The Washington Post<\/strong><\/p>\n<p style=\"text-align: right;\"><a class=\"button small\" style=\"background: #1abc9c !important;\" href=\"https:\/\/www.worldpolicyconference.com\/wp-content\/uploads\/2016-proceedings-pdf\/fr\/3a.session1_intro_hoagland_vf.pdf\" target=\"_blank\"><i class=\"fa fa-book\" style=\"font-size: 14px; color: #fff\"><\/i> Lire le texte int\u00e9gral<\/a><\/p>\n<h2 style=\"clear: both;\">Xiaosheng Gong<\/h2>\n<p><strong>Envoye\u0301 spe\u0301cial de la Chine pour la question du Moyen-Orient<\/strong><\/p>\n<blockquote>\n<p style=\"font-weight: 100;\">D\u2019abord, les foyers en crise que sont l\u2019Irak, la Syrie, le Y\u00e9men, et la Libye doivent \u00eatre g\u00e9r\u00e9s ensemble. La communaut\u00e9 internationale ne devrait pas aggraver la crise dans un ou deux pays et oublier les autres, en particulier la Palestine. <\/p>\n<\/blockquote>\n<div class=\"video-thumb\" style=\"background-image: url(https:\/\/img.youtube.com\/vi\/oOAtLk4YLVU\/0.jpg);\"><a class=\"venobox video-img-link\" data-type=\"youtube\" href=\"https:\/\/youtu.be\/oOAtLk4YLVU\"><i class=\"fa fa-play-circle-o\"><\/i><\/a><\/div>\n<p style=\"text-align: right;padding: 40px 0 60px 0;\"><a class=\"button small\" style=\"background: #1abc9c !important;\" href=\"https:\/\/www.worldpolicyconference.com\/wp-content\/uploads\/2016-proceedings-pdf\/fr\/3b.session1_gong_vf.pdf\" target=\"_blank\"><i class=\"fa fa-book\" style=\"font-size: 14px; color: #fff\"><\/i> Lire le texte int\u00e9gral<\/a><\/p>\n<h2 style=\"clear: both;\">Riad Hijab<\/h2>\n<p><strong>Ancien Premier ministre, Syrie<\/strong><\/p>\n<blockquote>\n<p style=\"font-weight: 100;\">Cette surench\u00e8re du r\u00e9gime et de ses alli\u00e9s russe et iranien en Syrie s\u2019inscrit dans le cadre d\u2019une redistribution des cartes aux diff\u00e9rents niveaux r\u00e9gionaux et internationaux.<\/p>\n<\/blockquote>\n<div class=\"video-thumb\" style=\"background-image: url(https:\/\/img.youtube.com\/vi\/Xh7A8chBe2M\/0.jpg);\"><a class=\"venobox video-img-link\" data-type=\"youtube\" href=\"https:\/\/youtu.be\/Xh7A8chBe2M\"><i class=\"fa fa-play-circle-o\"><\/i><\/a><\/div>\n<p style=\"text-align: right;padding: 40px 0 60px 0;\"><a class=\"button small\" style=\"background: #1abc9c !important;\" href=\"https:\/\/www.worldpolicyconference.com\/wp-content\/uploads\/2016-proceedings-pdf\/fr\/4.session1_hijab_vf.pdf\" target=\"_blank\"><i class=\"fa fa-book\" style=\"font-size: 14px; color: #fff\"><\/i> Lire le texte int\u00e9gral<\/a><\/p>\n<h2 style=\"clear: both;\">Miguel \u00c1ngel Moratinos<\/h2>\n<p><strong>Ancien ministre des Affaires e\u0301trange\u0300res et de la Coope\u0301ration d\u2019Espagne<\/strong><\/p>\n<blockquote>\n<p style=\"font-weight: 100;\">Nous pouvons r\u00e9soudre cet ancien conflit et nous devons essayer, car l\u2019instabilit\u00e9 au Moyen-Orient va continuer si la question isra\u00e9lo-palestinienne n\u2019est pas r\u00e9solue, m\u00eame si nous voulons vaincre Daesh ou faire la paix en Syrie.<\/p>\n<\/blockquote>\n<div class=\"video-thumb\" style=\"background-image: url(https:\/\/img.youtube.com\/vi\/gNJXJjH-ZbI\/0.jpg);\"><a class=\"venobox video-img-link\" data-type=\"youtube\" href=\"https:\/\/youtu.be\/gNJXJjH-ZbI\"><i class=\"fa fa-play-circle-o\"><\/i><\/a><\/div>\n<p style=\"text-align: right;padding: 40px 0 60px 0;\"><a class=\"button small\" style=\"background: #1abc9c !important;\" href=\"https:\/\/www.worldpolicyconference.com\/wp-content\/uploads\/2016-proceedings-pdf\/fr\/5.session1_moratinos_vf.pdf\" target=\"_blank\"><i class=\"fa fa-book\" style=\"font-size: 14px; color: #fff\"><\/i> Lire le texte int\u00e9gral<\/a><\/p>\n<h2 style=\"clear: both;\">Jim Hoagland<\/h2>\n<p><strong>Conseiller de la re\u0301daction de The Washington Post<\/strong><\/p>\n<p style=\"text-align: right;\"><a class=\"button small\" style=\"background: #1abc9c !important;\" href=\"https:\/\/www.worldpolicyconference.com\/wp-content\/uploads\/2016-proceedings-pdf\/fr\/6a.session1_intro_hoagland_vf.pdf\" target=\"_blank\"><i class=\"fa fa-book\" style=\"font-size: 14px; color: #fff\"><\/i> Lire le texte int\u00e9gral<\/a><\/p>\n<h2 style=\"clear: both;\">Abdulaziz Othman bin Sager<\/h2>\n<p><strong>Pre\u0301sident du Gulf Research Center, Arabie Saoudite<\/strong><\/p>\n<blockquote>\n<p style=\"font-weight: 100;\">Aujourd\u2019hui, six ans apr\u00e8s, nous pourrions dire que le Printemps arabe n\u2019a atteint que tr\u00e8s peu de ses objectifs.<\/p>\n<\/blockquote>\n<div class=\"video-thumb\" style=\"background-image: url(https:\/\/img.youtube.com\/vi\/akIaZtXUe3E\/0.jpg);\"><a class=\"venobox video-img-link\" data-type=\"youtube\" href=\"https:\/\/youtu.be\/akIaZtXUe3E\"><i class=\"fa fa-play-circle-o\"><\/i><\/a><\/div>\n<p style=\"text-align: right;padding: 40px 0 60px 0;\"><a class=\"button small\" style=\"background: #1abc9c !important;\" href=\"https:\/\/www.worldpolicyconference.com\/wp-content\/uploads\/2016-proceedings-pdf\/fr\/6b.session1_sager_vf.pdf\" target=\"_blank\"><i class=\"fa fa-book\" style=\"font-size: 14px; color: #fff\"><\/i> Lire le texte int\u00e9gral<\/a><\/p>\n<h2 style=\"clear: both;\">Jim Hoagland<\/h2>\n<p><strong>Conseiller de la re\u0301daction de The Washington Post<\/strong><\/p>\n<p style=\"text-align: right;\"><a class=\"button small\" style=\"background: #1abc9c !important;\" href=\"https:\/\/www.worldpolicyconference.com\/wp-content\/uploads\/2016-proceedings-pdf\/fr\/7a.session1_intro_hoagland_vf.pdf\" target=\"_blank\"><i class=\"fa fa-book\" style=\"font-size: 14px; color: #fff\"><\/i> Lire le texte int\u00e9gral<\/a><\/p>\n<h2 style=\"clear: both;\">Itamar Rabinovich<\/h2>\n<p><strong>Pre\u0301sident de l\u2019Israel Institute, professeur e\u0301me\u0301rite a\u0300 l\u2019Universite\u0301 de New York (NYU) et membre e\u0301me\u0301rite a\u0300 la Brookings Institution<\/strong><\/p>\n<blockquote>\n<p style=\"font-weight: 100;\">Ce que nous voyons \u00e0 l\u2019heure actuelle, c\u2019est l\u2019effondrement d\u2019un grand nombre d\u2019\u00c9tats, au moins six ou sept dans la r\u00e9gion si on se r\u00e9f\u00e8re \u00e0 la d\u00e9finition classique d\u2019un \u00e9tat effondr\u00e9.<\/p>\n<\/blockquote>\n<div class=\"video-thumb\" style=\"background-image: url(https:\/\/img.youtube.com\/vi\/9HoATdZVWQw\/0.jpg);\"><a class=\"venobox video-img-link\" data-type=\"youtube\" href=\"https:\/\/youtu.be\/9HoATdZVWQw\"><i class=\"fa fa-play-circle-o\"><\/i><\/a><\/div>\n<p style=\"text-align: right;padding: 40px 0 60px 0;\"><a class=\"button small\" style=\"background: #1abc9c !important;\" href=\"https:\/\/www.worldpolicyconference.com\/wp-content\/uploads\/2016-proceedings-pdf\/fr\/7b.session1_rabinovich_vf.pdf\" target=\"_blank\"><i class=\"fa fa-book\" style=\"font-size: 14px; color: #fff\"><\/i> Lire le texte int\u00e9gral<\/a><\/p>\n<h2 style=\"clear: both;\">D\u00e9bat des pan\u00e9listes <\/h2>\n<div class=\"video-thumb\" style=\"background-image: url(https:\/\/img.youtube.com\/vi\/rBy4MT8Re5A\/0.jpg);\"><a class=\"venobox video-img-link\" data-type=\"youtube\" href=\"https:\/\/youtu.be\/rBy4MT8Re5A\"><i class=\"fa fa-play-circle-o\"><\/i><\/a><\/div>\n<p style=\"text-align: right;padding: 40px 0 60px 0;\"><a class=\"button small\" style=\"background: #1abc9c !important;\" href=\"https:\/\/www.worldpolicyconference.com\/wp-content\/uploads\/2016-proceedings-pdf\/fr\/8.session1_debat-panelistes_vf.pdf\" target=\"_blank\"><i class=\"fa fa-book\" style=\"font-size: 14px; color: #fff\"><\/i> Lire le texte int\u00e9gral<\/a><\/p>\n<h2 style=\"clear: both;\">D\u00e9bat<\/h2>\n<div class=\"video-thumb\" style=\"background-image: url(https:\/\/img.youtube.com\/vi\/a13wEtXiG2M\/0.jpg);\"><a class=\"venobox video-img-link\" data-type=\"youtube\" href=\"https:\/\/youtu.be\/a13wEtXiG2M\"><i class=\"fa fa-play-circle-o\"><\/i><\/a><\/div>\n<p style=\"text-align: right;padding: 40px 0 60px 0;\"><a class=\"button small\" style=\"background: #1abc9c !important;\" href=\"https:\/\/www.worldpolicyconference.com\/wp-content\/uploads\/2016-proceedings-pdf\/fr\/9.session1_debat_vf.pdf\" target=\"_blank\"><i class=\"fa fa-book\" style=\"font-size: 14px; color: #fff\"><\/i> Lire le texte int\u00e9gral<\/a><\/p>\n<\/div><\/div>\n<div class=\"vertical-tab\"><div class=\"vertical-tab-link\"><a href=\"#dim-20-nov-3\">12:30 \u2013 13:30<br \/>Session pl\u00e9ni\u00e8re 2<\/a><\/div><div id=\"dim-20-nov-3\" class=\"vertical-tab-content\">\n<h1 style=\"margin-bottom: 10px;\" class=\"text-right\">12:30 \u2013 13:30 |\u00a0Session pl\u00e9ni\u00e8re 2<\/h1>\n<h1 style=\"margin-bottom: 25px;\" class=\"text-right\">Ethique et relations public-priv\u00e9<\/h1>\n<h2 style=\"clear: both;\">Susan Liautaud<\/h2>\n<p><strong>Vice-pre\u0301sidente du conseil et de la cour des gouverneurs de la London School of Economics and Political Science, fondatrice de Susan Liautaud &#038; Associates Limited (SLA)<\/strong><\/p>\n<div class=\"video-thumb\" style=\"background-image: url(https:\/\/img.youtube.com\/vi\/zSNrZrfj6jo\/0.jpg);\"><a class=\"venobox video-img-link\" data-type=\"youtube\" href=\"https:\/\/youtu.be\/zSNrZrfj6jo\"><i class=\"fa fa-play-circle-o\"><\/i><\/a><\/div>\n<p style=\"text-align: right;padding: 40px 0 60px 0;\"><a class=\"button small\" style=\"background: #1abc9c !important;\" href=\"https:\/\/www.worldpolicyconference.com\/wp-content\/uploads\/2016-proceedings-pdf\/fr\/1.session2_intro_liautaud_vf.pdf\" target=\"_blank\"><i class=\"fa fa-book\" style=\"font-size: 14px; color: #fff\"><\/i> Lire le texte int\u00e9gral<\/a><\/p>\n<h2 style=\"clear: both;\">Kriengsak Chareonwongsak<\/h2>\n<p><strong>Pre\u0301sident de l\u2019Institute of Future Studies for Development ; ancien conseiller du Premier ministre de Thai\u0308lande<\/strong><\/p>\n<blockquote>\n<p style=\"font-weight: 100;\">L&rsquo;id\u00e9e principale est que dans le secteur public et dans le secteur priv\u00e9 comme dans la soci\u00e9t\u00e9 civile, les individus doivent collaborer pour s&rsquo;occuper du bien-\u00eatre social.<\/p>\n<\/blockquote>\n<div class=\"video-thumb\" style=\"background-image: url(https:\/\/img.youtube.com\/vi\/1D9yxSFodJw\/0.jpg);\"><a class=\"venobox video-img-link\" data-type=\"youtube\" href=\"https:\/\/youtu.be\/1D9yxSFodJw\"><i class=\"fa fa-play-circle-o\"><\/i><\/a><\/div>\n<p style=\"text-align: right;padding: 40px 0 60px 0;\"><a class=\"button small\" style=\"background: #1abc9c !important;\" href=\"https:\/\/www.worldpolicyconference.com\/wp-content\/uploads\/2016-proceedings-pdf\/fr\/2.session2_chareonwongsak_vf.pdf\" target=\"_blank\"><i class=\"fa fa-book\" style=\"font-size: 14px; color: #fff\"><\/i> Lire le texte int\u00e9gral<\/a><\/p>\n<h2 style=\"clear: both;\">Mari Kiviniemi<\/h2>\n<p><strong>Secre\u0301taire ge\u0301ne\u0301rale adjointe de l\u2019OCDE, ancien Premier ministre de Finlande<\/strong><\/p>\n<blockquote>\n<p style=\"font-weight: 100;\">La facilit\u00e9 avec laquelle la fraude fiscale a \u00e9t\u00e9 simplifi\u00e9e au niveau individuel par l\u2019ouverture de comptes offshore a permis aux multinationales de transf\u00e9rer leurs actifs les plus importants vers des centres financiers offshore ou \u00e0 fiscalit\u00e9 nulle, o\u00f9 il n\u2019existe aucune cr\u00e9ation de valeur.<\/p>\n<\/blockquote>\n<div class=\"video-thumb\" style=\"background-image: url(https:\/\/img.youtube.com\/vi\/jx3IoVLvpoI\/0.jpg);\"><a class=\"venobox video-img-link\" data-type=\"youtube\" href=\"https:\/\/youtu.be\/jx3IoVLvpoI\"><i class=\"fa fa-play-circle-o\"><\/i><\/a><\/div>\n<p style=\"text-align: right;padding: 40px 0 60px 0;\"><a class=\"button small\" style=\"background: #1abc9c !important;\" href=\"https:\/\/www.worldpolicyconference.com\/wp-content\/uploads\/2016-proceedings-pdf\/fr\/3.session2_kiviniemi_vf.pdf\" target=\"_blank\"><i class=\"fa fa-book\" style=\"font-size: 14px; color: #fff\"><\/i> Lire le texte int\u00e9gral<\/a><\/p>\n<h2 style=\"clear: both;\">Ashwani Kumar<\/h2>\n<p><strong>Avocat principal a\u0300 la Cour supre\u0302me ; ancien ministre de la Justice, Inde<\/strong><\/p>\n<blockquote>\n<p style=\"font-weight: 100;\">Alors que la r\u00e9volution technologique a permis \u00e0 l&rsquo;individu d&rsquo;acc\u00e9der comme jamais auparavant \u00e0 l&rsquo;information et \u00e0 la connaissance, des questions \u00e9thiques apparaissent dans une soci\u00e9t\u00e9 qui fonctionne de plus en plus avec la technologie.<\/p>\n<\/blockquote>\n<div class=\"video-thumb\" style=\"background-image: url(https:\/\/img.youtube.com\/vi\/Je2F33zp_Fs\/0.jpg);\"><a class=\"venobox video-img-link\" data-type=\"youtube\" href=\"https:\/\/youtu.be\/Je2F33zp_Fs\"><i class=\"fa fa-play-circle-o\"><\/i><\/a><\/div>\n<p style=\"text-align: right;padding: 40px 0 60px 0;\"><a class=\"button small\" style=\"background: #1abc9c !important;\" href=\"https:\/\/www.worldpolicyconference.com\/wp-content\/uploads\/2016-proceedings-pdf\/fr\/4.session2_kumar_vf.pdf\" target=\"_blank\"><i class=\"fa fa-book\" style=\"font-size: 14px; color: #fff\"><\/i> Lire le texte int\u00e9gral<\/a><\/p>\n<h2 style=\"clear: both;\">Bruno Lafont<\/h2>\n<p><strong>Co-pre\u0301sident du conseil d\u2019administration de LafargeHolcim<\/strong><\/p>\n<blockquote>\n<p style=\"font-weight: 100;\">Il y a un sujet int\u00e9ressant dont on parle rarement, qui est de savoir si nous travaillons tous pour l\u2019int\u00e9r\u00eat g\u00e9n\u00e9ral.<\/p>\n<\/blockquote>\n<div class=\"video-thumb\" style=\"background-image: url(https:\/\/img.youtube.com\/vi\/ED_13FxpMHs\/0.jpg);\"><a class=\"venobox video-img-link\" data-type=\"youtube\" href=\"https:\/\/youtu.be\/ED_13FxpMHs\"><i class=\"fa fa-play-circle-o\"><\/i><\/a><\/div>\n<p style=\"text-align: right;padding: 40px 0 60px 0;\"><a class=\"button small\" style=\"background: #1abc9c !important;\" href=\"https:\/\/www.worldpolicyconference.com\/wp-content\/uploads\/2016-proceedings-pdf\/fr\/5.session2_lafont_vf.pdf\" target=\"_blank\"><i class=\"fa fa-book\" style=\"font-size: 14px; color: #fff\"><\/i> Lire le texte int\u00e9gral<\/a><\/p>\n<h2 style=\"clear: both;\">D\u00e9bat des pan\u00e9listes <\/h2>\n<div class=\"video-thumb\" style=\"background-image: url(https:\/\/img.youtube.com\/vi\/-KcspeIePks\/0.jpg);\"><a class=\"venobox video-img-link\" data-type=\"youtube\" href=\"https:\/\/youtu.be\/-KcspeIePks\"><i class=\"fa fa-play-circle-o\"><\/i><\/a><\/div>\n<p style=\"text-align: right;padding: 40px 0 60px 0;\"><a class=\"button small\" style=\"background: #1abc9c !important;\" href=\"https:\/\/www.worldpolicyconference.com\/wp-content\/uploads\/2016-proceedings-pdf\/fr\/6.session2_debat_panelistes_vf.pdf\" target=\"_blank\"><i class=\"fa fa-book\" style=\"font-size: 14px; color: #fff\"><\/i> Lire le texte int\u00e9gral<\/a><\/p>\n<h2 style=\"clear: both;\">D\u00e9bat <\/h2>\n<div class=\"video-thumb\" style=\"background-image: url(https:\/\/img.youtube.com\/vi\/TDn4QMTYdCw\/0.jpg);\"><a class=\"venobox video-img-link\" data-type=\"youtube\" href=\"https:\/\/youtu.be\/TDn4QMTYdCw\"><i class=\"fa fa-play-circle-o\"><\/i><\/a><\/div>\n<p style=\"text-align: right;padding: 40px 0 60px 0;\"><a class=\"button small\" style=\"background: #1abc9c !important;\" href=\"https:\/\/www.worldpolicyconference.com\/wp-content\/uploads\/2016-proceedings-pdf\/fr\/7.session2_debat_vf.pdf\" target=\"_blank\"><i class=\"fa fa-book\" style=\"font-size: 14px; color: #fff\"><\/i> Lire le texte int\u00e9gral<\/a><\/p>\n<\/div><\/div>\n<div class=\"vertical-tab\"><div class=\"vertical-tab-link\"><a href=\"#dim-20-nov-4\">13:30 \u2013 14:45<br \/>D\u00e9jeuner d\u00e9bat<\/a><\/div><div id=\"dim-20-nov-4\" class=\"vertical-tab-content\">\n<h1 style=\"margin-bottom: 25px;\" class=\"text-right\">13:30 \u2013 14:45 |\u00a0D\u00e9jeuner d\u00e9bat<\/h1>\n<h2 style=\"clear: both;\">Thierry de Montbrial<\/h2>\n<p><strong>Pre\u0301sident et fondateur de la World Policy Conference<\/strong><\/p>\n<div class=\"video-thumb\" style=\"background-image: url(https:\/\/img.youtube.com\/vi\/EU8-VM3Q9XA\/0.jpg);\"><a class=\"venobox video-img-link\" data-type=\"youtube\" href=\"https:\/\/youtu.be\/EU8-VM3Q9XA\"><i class=\"fa fa-play-circle-o\"><\/i><\/a><\/div>\n<p style=\"text-align: right;padding: 40px 0 60px 0;\"><a class=\"button small\" style=\"background: #1abc9c !important;\" href=\"https:\/\/www.worldpolicyconference.com\/wp-content\/uploads\/2016-proceedings-pdf\/fr\/1.dejeuner1_intro_montbrial_vf.pdf\" target=\"_blank\"><i class=\"fa fa-book\" style=\"font-size: 14px; color: #fff\"><\/i> Lire le texte int\u00e9gral<\/a><\/p>\n<h2 style=\"clear: both;\">Guillaume Pepy<\/h2>\n<p><strong>Pre\u0301sident du directoire de la SNCF, pre\u0301sident-directeur ge\u0301ne\u0301ral de l\u2019E\u0301PIC SNCF Mobilite\u0301s<\/strong><\/p>\n<blockquote>\n<p style=\"font-weight: 100;\">La seule option que nous avons, c\u2019est de r\u00e9pondre aux trois changements dans la r\u00e8gle du jeu : l\u2019impact du changement climatique bien s\u00fbr ; l\u2019explosion de la population urbaine ; et la rar\u00e9faction croissante des ressources.<\/p>\n<\/blockquote>\n<div class=\"video-thumb\" style=\"background-image: url(https:\/\/img.youtube.com\/vi\/gw0N0kkJq9U\/0.jpg);\"><a class=\"venobox video-img-link\" data-type=\"youtube\" href=\"https:\/\/youtu.be\/gw0N0kkJq9U\"><i class=\"fa fa-play-circle-o\"><\/i><\/a><\/div>\n<p style=\"text-align: right;padding: 40px 0 60px 0;\"><a class=\"button small\" style=\"background: #1abc9c !important;\" href=\"https:\/\/www.worldpolicyconference.com\/wp-content\/uploads\/2016-proceedings-pdf\/fr\/2.dejeuner1_pepy_vf.pdf\" target=\"_blank\"><i class=\"fa fa-book\" style=\"font-size: 14px; color: #fff\"><\/i> Lire le texte int\u00e9gral<\/a><\/p>\n<\/div><\/div>\n<div class=\"vertical-tab\"><div class=\"vertical-tab-link\"><a href=\"#dim-20-nov-5\">15:00 \u2013 15:30 <br \/>Session pl\u00e9ni\u00e8re 3<\/a><\/div><div id=\"dim-20-nov-5\" class=\"vertical-tab-content\">\n<h1 style=\"margin-bottom: 10px;\" class=\"text-right\">15:00 \u2013 15:30  |\u00a0Session pl\u00e9ni\u00e8re 3<\/h1>\n<h1 style=\"margin-bottom: 25px;\" class=\"text-right\">Le r\u00f4le europ\u00e9en et international de la Turquie<\/h1>\n<h2 style=\"clear: both;\">Thierry de Montbrial<\/h2>\n<p><strong>Pre\u0301sident et fondateur de la World Policy Conference<\/strong><\/p>\n<div class=\"video-thumb\" style=\"background-image: url(https:\/\/img.youtube.com\/vi\/hyj1Dqm7Qbc\/0.jpg);\"><a class=\"venobox video-img-link\" data-type=\"youtube\" href=\"https:\/\/youtu.be\/hyj1Dqm7Qbc\"><i class=\"fa fa-play-circle-o\"><\/i><\/a><\/div>\n<p style=\"text-align: right;padding: 40px 0 60px 0;\"><a class=\"button small\" style=\"background: #1abc9c !important;\" href=\"https:\/\/www.worldpolicyconference.com\/wp-content\/uploads\/2016-proceedings-pdf\/fr\/1.session3_intro_montbrial_vf.pdf\" target=\"_blank\"><i class=\"fa fa-book\" style=\"font-size: 14px; color: #fff\"><\/i> Lire le texte int\u00e9gral<\/a><\/p>\n<h2 style=\"clear: both;\">Ali Babacan<\/h2>\n<p><strong>De\u0301pute\u0301 et ancien vice-Premier ministre de la Re\u0301publique Turquie<\/strong><\/p>\n<blockquote>\n<p style=\"font-weight: 100;\">Dans ce genre d\u2019organisation, on demande aux fid\u00e8les d\u2019arr\u00eater de penser, de fermer leur esprit, de le verrouiller et de faire des choses compl\u00e8tement folles. <\/p>\n<\/blockquote>\n<div class=\"video-thumb\" style=\"background-image: url(https:\/\/img.youtube.com\/vi\/tW8rrlEbkCs\/0.jpg);\"><a class=\"venobox video-img-link\" data-type=\"youtube\" href=\"https:\/\/youtu.be\/tW8rrlEbkCs\"><i class=\"fa fa-play-circle-o\"><\/i><\/a><\/div>\n<p style=\"text-align: right;padding: 40px 0 60px 0;\"><a class=\"button small\" style=\"background: #1abc9c !important;\" href=\"https:\/\/www.worldpolicyconference.com\/wp-content\/uploads\/2016-proceedings-pdf\/fr\/2.session3_babacan_vf.pdf\" target=\"_blank\"><i class=\"fa fa-book\" style=\"font-size: 14px; color: #fff\"><\/i> Lire le texte int\u00e9gral<\/a><\/p>\n<h2 style=\"clear: both;\">D\u00e9bat<\/h2>\n<div class=\"video-thumb\" style=\"background-image: url(https:\/\/img.youtube.com\/vi\/US5aHkhKAPA\/0.jpg);\"><a class=\"venobox video-img-link\" data-type=\"youtube\" href=\"https:\/\/youtu.be\/US5aHkhKAPA\"><i class=\"fa fa-play-circle-o\"><\/i><\/a><\/div>\n<p style=\"text-align: right;padding: 40px 0 60px 0;\"><a class=\"button small\" style=\"background: #1abc9c !important;\" href=\"https:\/\/www.worldpolicyconference.com\/wp-content\/uploads\/2016-proceedings-pdf\/fr\/3.session3_debate_va.pdf\" target=\"_blank\"><i class=\"fa fa-book\" style=\"font-size: 14px; color: #fff\"><\/i> Lire le texte int\u00e9gral<\/a><\/p>\n<\/div><\/div>\n<div class=\"vertical-tab\"><div class=\"vertical-tab-link\"><a href=\"#dim-20-nov-6\">15:30 \u2013 16:30 <br \/>Session pl\u00e9ni\u00e8re 4<\/a><\/div><div id=\"dim-20-nov-6\" class=\"vertical-tab-content\">\n<h1 style=\"margin-bottom: 10px;\" class=\"text-right\">15:30 \u2013 16:30  |\u00a0Session pl\u00e9ni\u00e8re 4<\/h1>\n<h1 style=\"margin-bottom: 25px;\" class=\"text-right\">Sant\u00e9 : innovations technologiques et gouvernance mondiale<\/h1>\n<h2 style=\"clear: both;\">John Andrews<\/h2>\n<p><strong>Conseiller de la re\u0301daction de The Economist<\/strong><\/p>\n<div class=\"video-thumb\" style=\"background-image: url(https:\/\/img.youtube.com\/vi\/OYv2Lo3FOY8\/0.jpg);\"><a class=\"venobox video-img-link\" data-type=\"youtube\" href=\"https:\/\/youtu.be\/OYv2Lo3FOY8\"><i class=\"fa fa-play-circle-o\"><\/i><\/a><\/div>\n<p style=\"text-align: right;padding: 40px 0 60px 0;\"><a class=\"button small\" style=\"background: #1abc9c !important;\" href=\"https:\/\/www.worldpolicyconference.com\/wp-content\/uploads\/2016-proceedings-pdf\/fr\/1a.session4_intro_andrews_vf.pdf\" target=\"_blank\"><i class=\"fa fa-book\" style=\"font-size: 14px; color: #fff\"><\/i> Lire le texte int\u00e9gral<\/a><\/p>\n<h2 style=\"clear: both;\">Sheikh Dr. Mohammed bin Hamad Al-Thani<\/h2>\n<p><strong>Directeur de la Sante\u0301 publique, ministe\u0300re de la Sante\u0301 publique, Qatar<\/strong><\/p>\n<blockquote>\n<p style=\"font-weight: 100;\">La technologie a boulevers\u00e9 la structure et l\u2019organisation de l\u2019ensemble du domaine m\u00e9dical.<\/p>\n<\/blockquote>\n<div class=\"video-thumb\" style=\"background-image: url(https:\/\/img.youtube.com\/vi\/XPwUd-nmuyA\/0.jpg);\"><a class=\"venobox video-img-link\" data-type=\"youtube\" href=\"https:\/\/youtu.be\/XPwUd-nmuyA\"><i class=\"fa fa-play-circle-o\"><\/i><\/a><\/div>\n<p style=\"text-align: right;padding: 40px 0 60px 0;\"><a class=\"button small\" style=\"background: #1abc9c !important;\" href=\"https:\/\/www.worldpolicyconference.com\/wp-content\/uploads\/2016-proceedings-pdf\/fr\/1b.session4_thani_vf.pdf\" target=\"_blank\"><i class=\"fa fa-book\" style=\"font-size: 14px; color: #fff\"><\/i> Lire le texte int\u00e9gral<\/a><\/p>\n<h2 style=\"clear: both;\">Christian Br\u00e9chot<\/h2>\n<p><strong>Pre\u0301sident de l\u2019Institut Pasteur, France<\/strong><\/p>\n<blockquote>\n<p style=\"font-weight: 100;\">les scientifiques dans le champ de la recherche biom\u00e9dicale ont besoin d\u2019infrastructures, d\u2019\u00e9quipements, et de plateformes technologiques, et ce \u00e0 plusieurs niveaux.<\/p>\n<\/blockquote>\n<div class=\"video-thumb\" style=\"background-image: url(https:\/\/img.youtube.com\/vi\/43LP1sXltzY\/0.jpg);\"><a class=\"venobox video-img-link\" data-type=\"youtube\" href=\"https:\/\/youtu.be\/43LP1sXltzY\"><i class=\"fa fa-play-circle-o\"><\/i><\/a><\/div>\n<p style=\"text-align: right;padding: 40px 0 60px 0;\"><a class=\"button small\" style=\"background: #1abc9c !important;\" href=\"https:\/\/www.worldpolicyconference.com\/wp-content\/uploads\/2016-proceedings-pdf\/fr\/2.session4_brechot_vf.pdf\" target=\"_blank\"><i class=\"fa fa-book\" style=\"font-size: 14px; color: #fff\"><\/i> Lire le texte int\u00e9gral<\/a><\/p>\n<h2 style=\"clear: both;\">Zhu Yan-Mei<\/h2>\n<p><strong>Vice-pre\u0301sident exe\u0301cutif, Beijing Genomics Institute, Chine<\/strong><\/p>\n<blockquote>\n<p style=\"font-weight: 100;\">L\u2019an dernier, le projet de g\u00e9nome humain, commenc\u00e9 depuis l\u2019an 2000, a presque compl\u00e8tement d\u00e9chiffr\u00e9 le g\u00e9nome.<\/p>\n<\/blockquote>\n<div class=\"video-thumb\" style=\"background-image: url(https:\/\/img.youtube.com\/vi\/ZRl0q78Km0Q\/0.jpg);\"><a class=\"venobox video-img-link\" data-type=\"youtube\" href=\"https:\/\/youtu.be\/ZRl0q78Km0Q\"><i class=\"fa fa-play-circle-o\"><\/i><\/a><\/div>\n<p style=\"text-align: right;padding: 40px 0 60px 0;\"><a class=\"button small\" style=\"background: #1abc9c !important;\" href=\"https:\/\/www.worldpolicyconference.com\/wp-content\/uploads\/2016-proceedings-pdf\/fr\/3.session4_zhu_vf.pdf\" target=\"_blank\"><i class=\"fa fa-book\" style=\"font-size: 14px; color: #fff\"><\/i> Lire le texte int\u00e9gral<\/a><\/p>\n<h2 style=\"clear: both;\">D\u00e9bat des pan\u00e9listes <\/h2>\n<blockquote>\n<p style=\"font-weight: 100;\">Les avanc\u00e9es de la science et de la m\u00e9decine sont consid\u00e9rables. Mais il doit bien y avoir des limites \u00e9thiques.<\/p>\n<\/blockquote>\n<div class=\"video-thumb\" style=\"background-image: url(https:\/\/img.youtube.com\/vi\/YJRrRcAb1Vs\/0.jpg);\"><a class=\"venobox video-img-link\" data-type=\"youtube\" href=\"https:\/\/youtu.be\/YJRrRcAb1Vs\"><i class=\"fa fa-play-circle-o\"><\/i><\/a><\/div>\n<p style=\"text-align: right;padding: 40px 0 60px 0;\"><a class=\"button small\" style=\"background: #1abc9c !important;\" href=\"https:\/\/www.worldpolicyconference.com\/wp-content\/uploads\/2016-proceedings-pdf\/fr\/4.session4_debat_panelistes_vf.pdf\" target=\"_blank\"><i class=\"fa fa-book\" style=\"font-size: 14px; color: #fff\"><\/i> Lire le texte int\u00e9gral<\/a><\/p>\n<\/div><\/div>\n<div class=\"vertical-tab\"><div class=\"vertical-tab-link\"><a href=\"#dim-20-nov-7\">16:30 \u2013 18:00<br \/>Session pl\u00e9ni\u00e8re 5<\/a><\/div><div id=\"dim-20-nov-7\" class=\"vertical-tab-content\">\n<h1 style=\"margin-bottom: 10px;\" class=\"text-right\">16:30 \u2013 18:00 |\u00a0Session pl\u00e9ni\u00e8re 5<\/h1>\n<h1 style=\"margin-bottom: 25px;\" class=\"text-right\">Le changement technologique et le nouveau contrat social<\/h1>\n<h2 style=\"clear: both;\">Masood Ahmed<\/h2>\n<p><strong>Directeur du de\u0301partement Moyen-Orient et Asie centrale du FMI<\/strong><\/p>\n<div class=\"video-thumb\" style=\"background-image: url(https:\/\/img.youtube.com\/vi\/5wVUZjhyoqI\/0.jpg);\"><a class=\"venobox video-img-link\" data-type=\"youtube\" href=\"https:\/\/youtu.be\/5wVUZjhyoqI\"><i class=\"fa fa-play-circle-o\"><\/i><\/a><\/div>\n<p style=\"text-align: right;padding: 40px 0 60px 0;\"><a class=\"button small\" style=\"background: #1abc9c !important;\" href=\"https:\/\/www.worldpolicyconference.com\/wp-content\/uploads\/2016-proceedings-pdf\/fr\/1.session5_intro_ahmed_vf.pdf\" target=\"_blank\"><i class=\"fa fa-book\" style=\"font-size: 14px; color: #fff\"><\/i> Lire le texte int\u00e9gral<\/a><\/p>\n<h2 style=\"clear: both;\">Tobby Simon<\/h2>\n<p><strong>Fondateur et pr\u00e9sident de Synergia Foundation<\/strong><\/p>\n<blockquote>\n<p style=\"font-weight: 100;\">Une g\u00e9n\u00e9ration sur deux \u00e9tablit de nouveaux contrats sociaux qui continuent \u00e0 \u00e9voluer pour mieux refl\u00e9ter nos normes sociales et nos valeurs. <\/p>\n<\/blockquote>\n<div class=\"video-thumb\" style=\"background-image: url(https:\/\/img.youtube.com\/vi\/icX_yqfYN9E\/0.jpg);\"><a class=\"venobox video-img-link\" data-type=\"youtube\" href=\"https:\/\/youtu.be\/icX_yqfYN9E\"><i class=\"fa fa-play-circle-o\"><\/i><\/a><\/div>\n<p style=\"text-align: right;padding: 40px 0 60px 0;\"><a class=\"button small\" style=\"background: #1abc9c !important;\" href=\"https:\/\/www.worldpolicyconference.com\/wp-content\/uploads\/2016-proceedings-pdf\/fr\/2.session5_simon_vf.pdf\" target=\"_blank\"><i class=\"fa fa-book\" style=\"font-size: 14px; color: #fff\"><\/i> Lire le texte int\u00e9gral<\/a><\/p>\n<h2 style=\"clear: both;\">Chang Dae-Whan<\/h2>\n<p><strong>Chairman and Publisher of Maekyung Media Group, Republic of Korea<\/strong><\/p>\n<blockquote>\n<p style=\"font-weight: 100;\">La quatri\u00e8me r\u00e9volution industrielle couvre l\u2019IoT, l\u2019internet des choses, et je viens de d\u00e9couvrir l\u2019IoL, l\u2019internet de la vie. Il y a des capteurs robotiques, des drones et des voitures sans chauffeurs, le g\u00e9nie g\u00e9n\u00e9tique et la fintech.<\/p>\n<\/blockquote>\n<div class=\"video-thumb\" style=\"background-image: url(https:\/\/img.youtube.com\/vi\/7pAJ6413pdQ\/0.jpg);\"><a class=\"venobox video-img-link\" data-type=\"youtube\" href=\"https:\/\/youtu.be\/7pAJ6413pdQ\"><i class=\"fa fa-play-circle-o\"><\/i><\/a><\/div>\n<p style=\"text-align: right;padding: 40px 0 60px 0;\"><a class=\"button small\" style=\"background: #1abc9c !important;\" href=\"https:\/\/www.worldpolicyconference.com\/wp-content\/uploads\/2016-proceedings-pdf\/fr\/3.session5_chang_vf.pdf\" target=\"_blank\"><i class=\"fa fa-book\" style=\"font-size: 14px; color: #fff\"><\/i> Lire le texte int\u00e9gral<\/a><\/p>\n<h2 style=\"clear: both;\">Patrick Nicolet<\/h2>\n<p><strong>Membre du comite\u0301 de direction ge\u0301ne\u0301rale, Capgemini<\/strong><\/p>\n<blockquote>\n<p style=\"font-weight: 100;\">Il est indubitable que les changements technologiques transforment radicalement \u00e0 la fois le lieu de travail et l&rsquo;environnement social. <\/p>\n<\/blockquote>\n<div class=\"video-thumb\" style=\"background-image: url(https:\/\/img.youtube.com\/vi\/rv9y-NhIsFA\/0.jpg);\"><a class=\"venobox video-img-link\" data-type=\"youtube\" href=\"https:\/\/youtu.be\/rv9y-NhIsFA\"><i class=\"fa fa-play-circle-o\"><\/i><\/a><\/div>\n<p style=\"text-align: right;padding: 40px 0 60px 0;\"><a class=\"button small\" style=\"background: #1abc9c !important;\" href=\"https:\/\/www.worldpolicyconference.com\/wp-content\/uploads\/2016-proceedings-pdf\/fr\/4.session5_nicolet_vf.pdf\" target=\"_blank\"><i class=\"fa fa-book\" style=\"font-size: 14px; color: #fff\"><\/i> Lire le texte int\u00e9gral<\/a><\/p>\n<h2 style=\"clear: both;\">S\u00e9bastien Bazin<\/h2>\n<p><strong>Pre\u0301sident-directeur ge\u0301ne\u0301ral, AccorHotels<\/strong><\/p>\n<blockquote>\n<p style=\"font-weight: 100;\">Vous aurez plus de destructions d\u2019emplois dans les 3 \u00e0 4 ann\u00e9es \u00e0 venir que de cr\u00e9ations d\u2019emplois. Vous avez un intervalle de temps pour que les gens s\u2019adaptent \u00e0 cette nouvelle \u00e9volution.<\/p>\n<\/blockquote>\n<div class=\"video-thumb\" style=\"background-image: url(https:\/\/img.youtube.com\/vi\/iqThGq3Lgho\/0.jpg);\"><a class=\"venobox video-img-link\" data-type=\"youtube\" href=\"https:\/\/youtu.be\/iqThGq3Lgho\"><i class=\"fa fa-play-circle-o\"><\/i><\/a><\/div>\n<p style=\"text-align: right;padding: 40px 0 60px 0;\"><a class=\"button small\" style=\"background: #1abc9c !important;\" href=\"https:\/\/www.worldpolicyconference.com\/wp-content\/uploads\/2016-proceedings-pdf\/fr\/5.session5_bazin_vf.pdf\" target=\"_blank\"><i class=\"fa fa-book\" style=\"font-size: 14px; color: #fff\"><\/i> Lire le texte int\u00e9gral<\/a><\/p>\n<h2 style=\"clear: both;\">D\u00e9bat<\/h2>\n<div class=\"video-thumb\" style=\"background-image: url(https:\/\/img.youtube.com\/vi\/CSz3md0GyuY\/0.jpg);\"><a class=\"venobox video-img-link\" data-type=\"youtube\" href=\"https:\/\/youtu.be\/CSz3md0GyuY\"><i class=\"fa fa-play-circle-o\"><\/i><\/a><\/div>\n<p style=\"text-align: right;padding: 40px 0 60px 0;\"><a class=\"button small\" style=\"background: #1abc9c !important;\" href=\"https:\/\/www.worldpolicyconference.com\/wp-content\/uploads\/2016-proceedings-pdf\/fr\/6.session5_debat_vf.pdf\" target=\"_blank\"><i class=\"fa fa-book\" style=\"font-size: 14px; color: #fff\"><\/i> Lire le texte int\u00e9gral<\/a><\/p>\n<\/div><\/div>\n<div class=\"vertical-tab\"><div class=\"vertical-tab-link\"><a href=\"#dim-20-nov-8\">18:00 \u2013 18:30 <br \/>Pause caf\u00e9<\/a><\/div><div id=\"dim-20-nov-8\" class=\"vertical-tab-content\">\n<h1 style=\"margin-bottom: 25px;\" class=\"text-right\">18:00 \u2013 18:30  |\u00a0Pause caf\u00e9<\/h1>\n<\/div><\/div>\n<div class=\"vertical-tab\"><div class=\"vertical-tab-link\"><a href=\"#dim-20-nov-9\">18:30 \u2013 19:00<br \/>Session pl\u00e9ni\u00e8re 6<\/a><\/div><div id=\"dim-20-nov-9\" class=\"vertical-tab-content\">\n<h1 style=\"margin-bottom: 10px;\" class=\"text-right\">18:30 \u2013 19:00 |\u00a0Session pl\u00e9ni\u00e8re 6<\/h1>\n<h1 style=\"margin-bottom: 25px;\" class=\"text-right\">Le Royaume-Uni apr\u00e8s le Brexit<\/h1>\n<h2 style=\"clear: both;\">Thierry de Montbrial<\/h2>\n<p><strong>Pre\u0301sident et fondateur de la World Policy Conference<\/strong><\/p>\n<div class=\"video-thumb\" style=\"background-image: url(https:\/\/img.youtube.com\/vi\/4rxwe5Lv37w\/0.jpg);\"><a class=\"venobox video-img-link\" data-type=\"youtube\" href=\"https:\/\/youtu.be\/4rxwe5Lv37w\"><i class=\"fa fa-play-circle-o\"><\/i><\/a><\/div>\n<p style=\"text-align: right;padding: 40px 0 60px 0;\"><a class=\"button small\" style=\"background: #1abc9c !important;\" href=\"https:\/\/www.worldpolicyconference.com\/wp-content\/uploads\/2016-proceedings-pdf\/fr\/1.session6_intro_montbrial_vf.pdf\" target=\"_blank\"><i class=\"fa fa-book\" style=\"font-size: 14px; color: #fff\"><\/i> Lire le texte int\u00e9gral<\/a><\/p>\n<h2 style=\"clear: both;\">John Kerr<\/h2>\n<p><strong>Membre de la Chambre des Lords, ancien ambassadeur du Royaume-Uni aux E\u0301tats-Unis et aupre\u0300s de l\u2019Union europe\u0301enne<\/strong><\/p>\n<blockquote>\n<p style=\"font-weight: 100;\">Les d\u00e9s ne seront pas irr\u00e9vocablement jet\u00e9s quand, en mars, le gouvernement va lancer la proc\u00e9dure de retrait.<\/p>\n<\/blockquote>\n<div class=\"video-thumb\" style=\"background-image: url(https:\/\/img.youtube.com\/vi\/YG-uQfdfHSU\/0.jpg);\"><a class=\"venobox video-img-link\" data-type=\"youtube\" href=\"https:\/\/youtu.be\/YG-uQfdfHSU\"><i class=\"fa fa-play-circle-o\"><\/i><\/a><\/div>\n<p style=\"text-align: right;padding: 40px 0 60px 0;\"><a class=\"button small\" style=\"background: #1abc9c !important;\" href=\"https:\/\/www.worldpolicyconference.com\/wp-content\/uploads\/2016-proceedings-pdf\/fr\/2.session6_kerr_vf.pdf\" target=\"_blank\"><i class=\"fa fa-book\" style=\"font-size: 14px; color: #fff\"><\/i> Lire le texte int\u00e9gral<\/a><\/p>\n<h2 style=\"clear: both;\">D\u00e9bat<\/h2>\n<blockquote>\n<p style=\"font-weight: 100;\">[Quelles sont] les raisons profondes du d\u00e9senchantement vis-\u00e0-vis de la m\u00e9canique de l\u2019Union europ\u00e9enne ?<\/p>\n<\/blockquote>\n<div class=\"video-thumb\" style=\"background-image: url(https:\/\/img.youtube.com\/vi\/s_DTTNsZw5k\/0.jpg);\"><a class=\"venobox video-img-link\" data-type=\"youtube\" href=\"https:\/\/youtu.be\/s_DTTNsZw5k\"><i class=\"fa fa-play-circle-o\"><\/i><\/a><\/div>\n<p style=\"text-align: right;padding: 40px 0 60px 0;\"><a class=\"button small\" style=\"background: #1abc9c !important;\" href=\"https:\/\/www.worldpolicyconference.com\/wp-content\/uploads\/2016-proceedings-pdf\/fr\/3.session6_debat_vf.pdf\" target=\"_blank\"><i class=\"fa fa-book\" style=\"font-size: 14px; color: #fff\"><\/i> Lire le texte int\u00e9gral<\/a><\/p>\n<\/div><\/div>\n<div class=\"vertical-tab\"><div class=\"vertical-tab-link\"><a href=\"#dim-20-nov-10\">19:00 \u2013 19:45<br \/>Session pl\u00e9ni\u00e8re 7<\/a><\/div><div id=\"dim-20-nov-10\" class=\"vertical-tab-content\">\n<h1 style=\"margin-bottom: 10px;\" class=\"text-right\">19:00 \u2013 19:45 |\u00a0Session pl\u00e9ni\u00e8re 7<\/h1>\n<h1 style=\"margin-bottom: 25px;\" class=\"text-right\">La s\u00e9curit\u00e9 et le d\u00e9veloppement \u00e9conomique en Afrique<\/h1>\n<h2 style=\"clear: both;\">Thierry de Montbrial<\/h2>\n<p><strong>Pre\u0301sident et fondateur de la World Policy Conference<\/strong><\/p>\n<div class=\"video-thumb\" style=\"background-image: url(https:\/\/img.youtube.com\/vi\/Yedt53zfFv4\/0.jpg);\"><a class=\"venobox video-img-link\" data-type=\"youtube\" href=\"https:\/\/youtu.be\/Yedt53zfFv4\"><i class=\"fa fa-play-circle-o\"><\/i><\/a><\/div>\n<p style=\"text-align: right;padding: 40px 0 60px 0;\"><a class=\"button small\" style=\"background: #1abc9c !important;\" href=\"https:\/\/www.worldpolicyconference.com\/wp-content\/uploads\/2016-proceedings-pdf\/fr\/1.session7_intro_montbrial_vf.pdf\" target=\"_blank\"><i class=\"fa fa-book\" style=\"font-size: 14px; color: #fff\"><\/i> Lire le texte int\u00e9gral<\/a><\/p>\n<h2 style=\"clear: both;\">Cheikh Tidiane Gadio<\/h2>\n<p><strong>Pre\u0301sident de l\u2019Institut panafricain de strate\u0301gie (IPS), ancien ministre des Affaires e\u0301trange\u0300res, Se\u0301ne\u0301gal<\/strong><\/p>\n<blockquote>\n<p style=\"font-weight: 100;\">L\u2019Afrique est en train de devenir progressivement l\u2019\u00e9picentre du terrorisme mondial.<\/p>\n<\/blockquote>\n<div class=\"video-thumb\" style=\"background-image: url(https:\/\/img.youtube.com\/vi\/eyfk84ik6_U\/0.jpg);\"><a class=\"venobox video-img-link\" data-type=\"youtube\" href=\"https:\/\/youtu.be\/eyfk84ik6_U\"><i class=\"fa fa-play-circle-o\"><\/i><\/a><\/div>\n<p style=\"text-align: right;padding: 40px 0 60px 0;\"><a class=\"button small\" style=\"background: #1abc9c !important;\" href=\"https:\/\/www.worldpolicyconference.com\/wp-content\/uploads\/2016-proceedings-pdf\/fr\/2.session7_gadio_vf.pdf\" target=\"_blank\"><i class=\"fa fa-book\" style=\"font-size: 14px; color: #fff\"><\/i> Lire le texte int\u00e9gral<\/a><\/p>\n<h2 style=\"clear: both;\">Nathalie Delapalme<\/h2>\n<p><strong>Directeur exe\u0301cutif, recherche et politiques publiques, Mo Ibrahim Foundation<\/strong><\/p>\n<blockquote>\n<p style=\"font-weight: 100;\">L\u2019Afrique, c\u2019est 54 pays avec 54 g\u00e9ographies, 54 histoires diff\u00e9rentes, 54 trajectoires souvent divergentes.<\/p>\n<\/blockquote>\n<div class=\"video-thumb\" style=\"background-image: url(https:\/\/img.youtube.com\/vi\/UwxlwgLAPWc\/0.jpg);\"><a class=\"venobox video-img-link\" data-type=\"youtube\" href=\"https:\/\/youtu.be\/UwxlwgLAPWc\"><i class=\"fa fa-play-circle-o\"><\/i><\/a><\/div>\n<p style=\"text-align: right;padding: 40px 0 60px 0;\"><a class=\"button small\" style=\"background: #1abc9c !important;\" href=\"https:\/\/www.worldpolicyconference.com\/wp-content\/uploads\/2016-proceedings-pdf\/fr\/3.session7_delapalme_vf.pdf\" target=\"_blank\"><i class=\"fa fa-book\" style=\"font-size: 14px; color: #fff\"><\/i> Lire le texte int\u00e9gral<\/a><\/p>\n<h2 style=\"clear: both;\">D\u00e9bat des pan\u00e9listes<\/h2>\n<blockquote>\n<p style=\"font-weight: 100;\">L\u2019Afrique est malheureusement aussi en train de se transformer en terrain d\u2019affrontements privil\u00e9gi\u00e9s des grandes puissances de ce monde. Le drame, c\u2019est que les Africains sont souvent eux m\u00eames absents du jeu.<\/p>\n<\/blockquote>\n<div class=\"video-thumb\" style=\"background-image: url(https:\/\/img.youtube.com\/vi\/gqIJ-IHCWIw\/0.jpg);\"><a class=\"venobox video-img-link\" data-type=\"youtube\" href=\"https:\/\/youtu.be\/gqIJ-IHCWIw\"><i class=\"fa fa-play-circle-o\"><\/i><\/a><\/div>\n<p style=\"text-align: right;padding: 40px 0 60px 0;\"><a class=\"button small\" style=\"background: #1abc9c !important;\" href=\"https:\/\/www.worldpolicyconference.com\/wp-content\/uploads\/2016-proceedings-pdf\/fr\/4.session7_debat_vf.pdf\" target=\"_blank\"><i class=\"fa fa-book\" style=\"font-size: 14px; color: #fff\"><\/i> Lire le texte int\u00e9gral<\/a><\/p>\n<\/div><\/div>\n<div class=\"vertical-tab\"><div class=\"vertical-tab-link\"><a href=\"#dim-20-nov-11\">20:30<br \/>D\u00eener d\u00e9bat<\/a><\/div><div id=\"dim-20-nov-11\" class=\"vertical-tab-content\">\n<h1 style=\"margin-bottom: 25px;\" class=\"text-right\">20:30 |\u00a0D\u00eener d\u00e9bat<\/h1>\n<h2 style=\"clear: both;\">Thierry de Montbrial<\/h2>\n<p><strong>President and Founder of the WPC<\/strong><\/p>\n<div class=\"video-thumb\" style=\"background-image: url(https:\/\/img.youtube.com\/vi\/eSy9nSS3iBI\/0.jpg);\"><a class=\"venobox video-img-link\" data-type=\"youtube\" href=\"https:\/\/youtu.be\/eSy9nSS3iBI\"><i class=\"fa fa-play-circle-o\"><\/i><\/a><\/div>\n<p style=\"text-align: right;padding: 40px 0 60px 0;\"><a class=\"button small\" style=\"background: #1abc9c !important;\" href=\"https:\/\/www.worldpolicyconference.com\/wp-content\/uploads\/2016-proceedings-pdf\/fr\/1.diner1_intro_montbrial_vf.pdf\" target=\"_blank\"><i class=\"fa fa-book\" style=\"font-size: 14px; color: #fff\"><\/i> Lire le texte int\u00e9gral<\/a><\/p>\n<h2 style=\"clear: both;\">Chey Tae-won<\/h2>\n<p><strong>Pre\u0301sident de SK Group, Re\u0301publique de Core\u0301e<\/strong><\/p>\n<blockquote>\n<p style=\"font-weight: 100;\">Au lieu d\u2019apporter concr\u00e8tement quelque chose \u00e0 la soci\u00e9t\u00e9, de nombreuses activit\u00e9s li\u00e9es \u00e0 la RSE ont plut\u00f4t tendance \u00e0 \u00eatre ax\u00e9es sur le d\u00e9veloppement de l\u2019image de marque de l\u2019entreprise.<\/p>\n<\/blockquote>\n<div class=\"video-thumb\" style=\"background-image: url(https:\/\/img.youtube.com\/vi\/ZMQ89CX_Nno\/0.jpg);\"><a class=\"venobox video-img-link\" data-type=\"youtube\" href=\"https:\/\/youtu.be\/ZMQ89CX_Nno\"><i class=\"fa fa-play-circle-o\"><\/i><\/a><\/div>\n<p style=\"text-align: right;padding: 40px 0 60px 0;\"><a class=\"button small\" style=\"background: #1abc9c !important;\" href=\"https:\/\/www.worldpolicyconference.com\/wp-content\/uploads\/2016-proceedings-pdf\/fr\/2.diner1_chey_vf.pdf\" target=\"_blank\"><i class=\"fa fa-book\" style=\"font-size: 14px; color: #fff\"><\/i> Lire le texte int\u00e9gral<\/a><\/p>\n<h2 style=\"clear: both;\">Kevin Rudd<\/h2>\n<p><strong>Pre\u0301sident de l\u2019Asia Society Policy Institute a\u0300 New York, 26e premier ministre australien<\/strong><\/p>\n<blockquote>\n<p style=\"font-weight: 100;\">On peut dire que les forces historiques d&rsquo;inertie, d&rsquo;entropie et de chaos constituent \u00ab l&rsquo;\u00e9tat constant \u00bb des relations internationales.<\/p>\n<\/blockquote>\n<div class=\"video-thumb\" style=\"background-image: url(https:\/\/img.youtube.com\/vi\/-7ebg-3a7qM\/0.jpg);\"><a class=\"venobox video-img-link\" data-type=\"youtube\" href=\"https:\/\/youtu.be\/-7ebg-3a7qM\"><i class=\"fa fa-play-circle-o\"><\/i><\/a><\/div>\n<p style=\"text-align: right;padding: 40px 0 60px 0;\"><a class=\"button small\" style=\"background: #1abc9c !important;\" href=\"https:\/\/www.worldpolicyconference.com\/wp-content\/uploads\/2016-proceedings-pdf\/fr\/3.diner1_rudd_vf.pdf\" target=\"_blank\"><i class=\"fa fa-book\" style=\"font-size: 14px; color: #fff\"><\/i> Lire le texte int\u00e9gral<\/a><\/p>\n<\/div><\/div>\n<\/div><\/div>\n<div class=\"tab-pane fade\" in\" id=\"lun-21-nov\">\n<div class=\"vertical-tabs-container\">\n<div class=\"vertical-tab\"><div class=\"vertical-tab-link\"><a href=\"#lun-21-nov-12\">08:30 \u2013 09:45<br \/>Session pl\u00e9ni\u00e8re 8 <\/a><\/div><div id=\"lun-21-nov-12\" class=\"vertical-tab-content\">\n<h1 style=\"margin-bottom: 10px;\" class=\"text-right\">08:30 \u2013 09:45 |\u00a0Session pl\u00e9ni\u00e8re 8 <\/h1>\n<h1 style=\"margin-bottom: 25px;\" class=\"text-right\">Union europ\u00e9enne : la prochaine \u00e9tape ?<\/h1>\n<h2 style=\"clear: both;\">Steven Erlanger<\/h2>\n<p><strong>Directeur du bureau londonien du New York Times<\/strong><\/p>\n<div class=\"video-thumb\" style=\"background-image: url(https:\/\/img.youtube.com\/vi\/YVbOgg3CIIA\/0.jpg);\"><a class=\"venobox video-img-link\" data-type=\"youtube\" href=\"https:\/\/youtu.be\/YVbOgg3CIIA\"><i class=\"fa fa-play-circle-o\"><\/i><\/a><\/div>\n<p style=\"text-align: right;padding: 40px 0 60px 0;\"><a class=\"button small\" style=\"background: #1abc9c !important;\" href=\"https:\/\/www.worldpolicyconference.com\/wp-content\/uploads\/2016-proceedings-pdf\/fr\/1.session8_intro_erlanger_vf.pdf\" target=\"_blank\"><i class=\"fa fa-book\" style=\"font-size: 14px; color: #fff\"><\/i> Lire le texte int\u00e9gral<\/a><\/p>\n<h2 style=\"clear: both;\">Elisabeth Guigou<\/h2>\n<p><strong>De\u0301pute\u0301e et pre\u0301sidente de la commission des Affaires e\u0301trange\u0300res de l\u2019Assemble\u0301e nationale<\/strong><\/p>\n<blockquote>\n<p style=\"font-weight: 100;\">Le choc du Brexit apporte d&rsquo;autant plus la preuve de la n\u00e9cessit\u00e9 sous-jacente de r\u00e9organiser le projet europ\u00e9en.<\/p>\n<\/blockquote>\n<div class=\"video-thumb\" style=\"background-image: url(https:\/\/img.youtube.com\/vi\/bO6AJpGvYcU\/0.jpg);\"><a class=\"venobox video-img-link\" data-type=\"youtube\" href=\"https:\/\/youtu.be\/bO6AJpGvYcU\"><i class=\"fa fa-play-circle-o\"><\/i><\/a><\/div>\n<p style=\"text-align: right;padding: 40px 0 60px 0;\"><a class=\"button small\" style=\"background: #1abc9c !important;\" href=\"https:\/\/www.worldpolicyconference.com\/wp-content\/uploads\/2016-proceedings-pdf\/fr\/2.session8_guigou_vf.pdf\" target=\"_blank\"><i class=\"fa fa-book\" style=\"font-size: 14px; color: #fff\"><\/i> Lire le texte int\u00e9gral<\/a><\/p>\n<h2 style=\"clear: both;\">Norbert R\u00f6ttgen<\/h2>\n<p><strong>Pre\u0301sident de la commission des Affaires e\u0301trange\u0300res du Bundestag, Allemagne<\/strong><\/p>\n<blockquote>\n<p style=\"font-weight: 100;\">Nous sommes dans une situation compl\u00e8tement in\u00e9dite depuis la Seconde Guerre mondiale. Nous n\u2019avons jamais eu autant de crises \u00e0 la fois, chez nous et \u00e0 l\u2019ext\u00e9rieur.<\/p>\n<\/blockquote>\n<div class=\"video-thumb\" style=\"background-image: url(https:\/\/img.youtube.com\/vi\/gWdcm-_S9GQ\/0.jpg);\"><a class=\"venobox video-img-link\" data-type=\"youtube\" href=\"https:\/\/youtu.be\/gWdcm-_S9GQ\"><i class=\"fa fa-play-circle-o\"><\/i><\/a><\/div>\n<p style=\"text-align: right;padding: 40px 0 60px 0;\"><a class=\"button small\" style=\"background: #1abc9c !important;\" href=\"https:\/\/www.worldpolicyconference.com\/wp-content\/uploads\/2016-proceedings-pdf\/fr\/3.session8_rottgen_vf.pdf\" target=\"_blank\"><i class=\"fa fa-book\" style=\"font-size: 14px; color: #fff\"><\/i> Lire le texte int\u00e9gral<\/a><\/p>\n<h2 style=\"clear: both;\">D\u00e9bat des pan\u00e9listes<\/h2>\n<blockquote>\n<p style=\"font-weight: 100;\">L\u2019Allemagne a encore beaucoup de chemin \u00e0 parcourir vers cet objectif d\u2019une plus grande contribution \u00e0 la politique \u00e9trang\u00e8re et de d\u00e9fense. La seule option que je vois est que la France et l\u2019Allemagne travaillent \u00e0 des politiques plus coh\u00e9rentes.<\/p>\n<\/blockquote>\n<div class=\"video-thumb\" style=\"background-image: url(https:\/\/img.youtube.com\/vi\/xm_3Hia-76M\/0.jpg);\"><a class=\"venobox video-img-link\" data-type=\"youtube\" href=\"https:\/\/youtu.be\/xm_3Hia-76M\"><i class=\"fa fa-play-circle-o\"><\/i><\/a><\/div>\n<p style=\"text-align: right;padding: 40px 0 60px 0;\"><a class=\"button small\" style=\"background: #1abc9c !important;\" href=\"https:\/\/www.worldpolicyconference.com\/wp-content\/uploads\/2016-proceedings-pdf\/fr\/4.session8_debat-panelistes_vf.pdf\" target=\"_blank\"><i class=\"fa fa-book\" style=\"font-size: 14px; color: #fff\"><\/i> Lire le texte int\u00e9gral<\/a><\/p>\n<h2 style=\"clear: both;\">D\u00e9bat<\/h2>\n<div class=\"video-thumb\" style=\"background-image: url(https:\/\/img.youtube.com\/vi\/5RLN5HWszSI\/0.jpg);\"><a class=\"venobox video-img-link\" data-type=\"youtube\" href=\"https:\/\/youtu.be\/5RLN5HWszSI\"><i class=\"fa fa-play-circle-o\"><\/i><\/a><\/div>\n<p style=\"text-align: right;padding: 40px 0 60px 0;\"><a class=\"button small\" style=\"background: #1abc9c !important;\" href=\"https:\/\/www.worldpolicyconference.com\/wp-content\/uploads\/2016-proceedings-pdf\/fr\/5.session8_debat_vf.pdf\" target=\"_blank\"><i class=\"fa fa-book\" style=\"font-size: 14px; color: #fff\"><\/i> Lire le texte int\u00e9gral<\/a><\/p>\n<\/div><\/div>\n<div class=\"vertical-tab\"><div class=\"vertical-tab-link\"><a href=\"#lun-21-nov-13\">10:00 \u2013 12:30<br \/>Ateliers parall\u00e8les<\/a><\/div><div id=\"lun-21-nov-13\" class=\"vertical-tab-content\">\n<h1 style=\"margin-bottom: 25px;\" class=\"text-right\">10:00 \u2013 12:30 |\u00a0Ateliers parall\u00e8les<\/h1>\n<div class=\"well\">\n<h1 class=\"lead text-center\"><strong>Atelier n\u00b01 &#8211; Atelier n\u00b01 : Finance et \u00e9conomie<\/strong><\/h1>\n<h2 style=\"clear: both;\">Jean-Claude Trichet<\/h2>\n<p><strong>Ancien pre\u0301sident de la Banque centrale europe\u0301enne<\/strong><\/p>\n<div class=\"video-thumb\" style=\"background-image: url(https:\/\/img.youtube.com\/vi\/WtCswcrkxUo\/0.jpg);\"><a class=\"venobox video-img-link\" data-type=\"youtube\" href=\"https:\/\/youtu.be\/WtCswcrkxUo\"><i class=\"fa fa-play-circle-o\"><\/i><\/a><\/div>\n<p style=\"text-align: right;padding: 40px 0 60px 0;\"><a class=\"button small\" style=\"background: #1abc9c !important;\" href=\"https:\/\/www.worldpolicyconference.com\/wp-content\/uploads\/2016-proceedings-pdf\/fr\/1.atelier1_intro_trichet_vf.pdf\" target=\"_blank\"><i class=\"fa fa-book\" style=\"font-size: 14px; color: #fff\"><\/i> Lire le texte int\u00e9gral<\/a><\/p>\n<h2 style=\"clear: both;\">John Lipsky<\/h2>\n<p><strong>Senior Fellow, Foreign Policy Institute at Johns Hopkins University\u2019s Paul H. Nitze School of Advanced International Studies (SAIS); ancien premier directeur general adjoint du FMI<\/strong><\/p>\n<blockquote>\n<p style=\"font-weight: 100;\">En prenant en compte la situation \u00e0 l\u2019heure actuelle concernant les objectifs [du G20], je conclurais qu\u2019aucun d\u2019entre eux n\u2019a \u00e9t\u00e9 atteint.<\/p>\n<\/blockquote>\n<div class=\"video-thumb\" style=\"background-image: url(https:\/\/img.youtube.com\/vi\/9JaNTAqIocg\/0.jpg);\"><a class=\"venobox video-img-link\" data-type=\"youtube\" href=\"https:\/\/youtu.be\/9JaNTAqIocg\"><i class=\"fa fa-play-circle-o\"><\/i><\/a><\/div>\n<p style=\"text-align: right;padding: 40px 0 60px 0;\"><a class=\"button small\" style=\"background: #1abc9c !important;\" href=\"https:\/\/www.worldpolicyconference.com\/wp-content\/uploads\/2016-proceedings-pdf\/fr\/2.atelier1_lipsky_vf.pdf\" target=\"_blank\"><i class=\"fa fa-book\" style=\"font-size: 14px; color: #fff\"><\/i> Lire le texte int\u00e9gral<\/a><\/p>\n<h2 style=\"clear: both;\">Raed Charafeddine<\/h2>\n<p><strong>Premier vice-gouverneur de la Banque du Liban<\/strong><\/p>\n<blockquote>\n<p style=\"font-weight: 100;\">Apr\u00e8s la crise de 2008, les banques centrales ont cess\u00e9 d&rsquo;\u00eatre de simples organes de r\u00e9glementation assurant la supervision des secteurs financiers pour devenir d&rsquo;importants acteurs dans les \u00e9conomies r\u00e9elles.<\/p>\n<\/blockquote>\n<div class=\"video-thumb\" style=\"background-image: url(https:\/\/img.youtube.com\/vi\/mgz_XwaDDuM\/0.jpg);\"><a class=\"venobox video-img-link\" data-type=\"youtube\" href=\"https:\/\/youtu.be\/mgz_XwaDDuM\"><i class=\"fa fa-play-circle-o\"><\/i><\/a><\/div>\n<p style=\"text-align: right;padding: 40px 0 60px 0;\"><a class=\"button small\" style=\"background: #1abc9c !important;\" href=\"https:\/\/www.worldpolicyconference.com\/wp-content\/uploads\/2016-proceedings-pdf\/fr\/3.atelier1_charafeddine_vf.pdf\" target=\"_blank\"><i class=\"fa fa-book\" style=\"font-size: 14px; color: #fff\"><\/i> Lire le texte int\u00e9gral<\/a><\/p>\n<h2 style=\"clear: both;\">Daniel Daianu<\/h2>\n<p><strong>Membre du conseil d\u2019administration de la Banque centrale de Roumanie ; ancien ministre des Finances de Roumanie<\/strong><\/p>\n<blockquote>\n<p style=\"font-weight: 100;\">L\u2019impact de la crise financi\u00e8re est aussi significatif : on estime que la Grande R\u00e9cession a fait tomber la croissance potentielle du PIB sous 1,5 % dans l\u2019UE pour les prochains 5 \u00e0 10 ans.<\/p>\n<\/blockquote>\n<div class=\"video-thumb\" style=\"background-image: url(https:\/\/img.youtube.com\/vi\/ELK8ZWxJztc\/0.jpg);\"><a class=\"venobox video-img-link\" data-type=\"youtube\" href=\"https:\/\/youtu.be\/ELK8ZWxJztc\"><i class=\"fa fa-play-circle-o\"><\/i><\/a><\/div>\n<p style=\"text-align: right;padding: 40px 0 60px 0;\"><a class=\"button small\" style=\"background: #1abc9c !important;\" href=\"https:\/\/www.worldpolicyconference.com\/wp-content\/uploads\/2016-proceedings-pdf\/fr\/4.atelier1_daianu_vf.pdf\" target=\"_blank\"><i class=\"fa fa-book\" style=\"font-size: 14px; color: #fff\"><\/i> Lire le texte int\u00e9gral<\/a><\/p>\n<h2 style=\"clear: both;\">Hur Kyung-Wook<\/h2>\n<p><strong>Conseiller aupre\u0300s de Bae, Kim &#038; Lee LLC ; ancien vice-ministre de la Strate\u0301gie et des Finances, Re\u0301publique de Core\u0301e, ancien ambassadeur de la Re\u0301publique de Core\u0301e aupre\u0300s de l\u2019OCDE<\/strong><\/p>\n<blockquote>\n<p style=\"font-weight: 100;\">La plupart des pays asiatiques se sont tourn\u00e9s vers la consommation int\u00e9rieure et l\u2019investissement, approvisionn\u00e9 par de la monnaie asiatique nationale et \u00e9trang\u00e8re.<\/p>\n<\/blockquote>\n<div class=\"video-thumb\" style=\"background-image: url(https:\/\/img.youtube.com\/vi\/5VA5WR0qo4A\/0.jpg);\"><a class=\"venobox video-img-link\" data-type=\"youtube\" href=\"https:\/\/youtu.be\/5VA5WR0qo4A\"><i class=\"fa fa-play-circle-o\"><\/i><\/a><\/div>\n<p style=\"text-align: right;padding: 40px 0 60px 0;\"><a class=\"button small\" style=\"background: #1abc9c !important;\" href=\"https:\/\/www.worldpolicyconference.com\/wp-content\/uploads\/2016-proceedings-pdf\/fr\/5.atelier1_hur_vf.pdf\" target=\"_blank\"><i class=\"fa fa-book\" style=\"font-size: 14px; color: #fff\"><\/i> Lire le texte int\u00e9gral<\/a><\/p>\n<h2 style=\"clear: both;\">Kiyoto Ido<\/h2>\n<p><strong>Vice-pre\u0301sident, Institute for International Economic Studies, Japan<\/strong><\/p>\n<blockquote>\n<p style=\"font-weight: 100;\">L&rsquo;Abenomie s&rsquo;appuie sur les trois axes que sont l&rsquo;assouplissement mon\u00e9taire, la souplesse de la politique fiscale et la strat\u00e9gie de croissance.<\/p>\n<\/blockquote>\n<div class=\"video-thumb\" style=\"background-image: url(https:\/\/img.youtube.com\/vi\/Aq4Tna1EPeo\/0.jpg);\"><a class=\"venobox video-img-link\" data-type=\"youtube\" href=\"https:\/\/youtu.be\/Aq4Tna1EPeo\"><i class=\"fa fa-play-circle-o\"><\/i><\/a><\/div>\n<p style=\"text-align: right;padding: 40px 0 60px 0;\"><a class=\"button small\" style=\"background: #1abc9c !important;\" href=\"https:\/\/www.worldpolicyconference.com\/wp-content\/uploads\/2016-proceedings-pdf\/fr\/6.atelier1_ido_vf.pdf\" target=\"_blank\"><i class=\"fa fa-book\" style=\"font-size: 14px; color: #fff\"><\/i> Lire le texte int\u00e9gral<\/a><\/p>\n<h2 style=\"clear: both;\">Andr\u00e9 Levy-Lang<\/h2>\n<p><strong>Ancien pre\u0301sident du directoire de Banque Paribas, professeur associe\u0301 e\u0301me\u0301rite a\u0300 l\u2019Universite\u0301 Paris-Dauphine<\/strong><\/p>\n<blockquote>\n<p style=\"font-weight: 100;\">Les banques et les compagnies d\u2019assurances ne sont plus des acteurs actifs des march\u00e9s financiers, alors qu\u2019elles en \u00e9taient l\u2019une des forces stabilisatrices. <\/p>\n<\/blockquote>\n<div class=\"video-thumb\" style=\"background-image: url(https:\/\/img.youtube.com\/vi\/H55Su3b5fSI\/0.jpg);\"><a class=\"venobox video-img-link\" data-type=\"youtube\" href=\"https:\/\/youtu.be\/H55Su3b5fSI\"><i class=\"fa fa-play-circle-o\"><\/i><\/a><\/div>\n<p style=\"text-align: right;padding: 40px 0 60px 0;\"><a class=\"button small\" style=\"background: #1abc9c !important;\" href=\"https:\/\/www.worldpolicyconference.com\/wp-content\/uploads\/2016-proceedings-pdf\/fr\/7.atelier1_levylang_vf.pdf\" target=\"_blank\"><i class=\"fa fa-book\" style=\"font-size: 14px; color: #fff\"><\/i> Lire le texte int\u00e9gral<\/a><\/p>\n<h2 style=\"clear: both;\">D\u00e9bat <\/h2>\n<div class=\"video-thumb\" style=\"background-image: url(https:\/\/img.youtube.com\/vi\/bvqbIY7HajY\/0.jpg);\"><a class=\"venobox video-img-link\" data-type=\"youtube\" href=\"https:\/\/youtu.be\/bvqbIY7HajY\"><i class=\"fa fa-play-circle-o\"><\/i><\/a><\/div>\n<p style=\"text-align: right;padding: 40px 0 60px 0;\"><a class=\"button small\" style=\"background: #1abc9c !important;\" href=\"https:\/\/www.worldpolicyconference.com\/wp-content\/uploads\/2016-proceedings-pdf\/fr\/8.atelier1_debat_vf.pdf\" target=\"_blank\"><i class=\"fa fa-book\" style=\"font-size: 14px; color: #fff\"><\/i> Lire le texte int\u00e9gral<\/a><\/p>\n<\/div>\n<div class=\"well\">\n<h1 class=\"lead text-center\"><strong>Atelier n\u00b02 &#8211; Atelier n\u00b02 : Energie et climat<\/strong><\/h1>\n<h2 style=\"clear: both;\">Donald Johnston<\/h2>\n<p><strong>Pre\u0301sident de la fondation McCall McBain ; ancien secre\u0301taire ge\u0301ne\u0301ral de l\u2019OCDE<\/strong><\/p>\n<div class=\"video-thumb\" style=\"background-image: url(https:\/\/img.youtube.com\/vi\/rp6kB4nP-Ew\/0.jpg);\"><a class=\"venobox video-img-link\" data-type=\"youtube\" href=\"https:\/\/youtu.be\/rp6kB4nP-Ew\"><i class=\"fa fa-play-circle-o\"><\/i><\/a><\/div>\n<p style=\"text-align: right;padding: 40px 0 60px 0;\"><a class=\"button small\" style=\"background: #1abc9c !important;\" href=\"https:\/\/www.worldpolicyconference.com\/wp-content\/uploads\/2016-proceedings-pdf\/fr\/1.atelier2_intro_johnston_vf.pdf\" target=\"_blank\"><i class=\"fa fa-book\" style=\"font-size: 14px; color: #fff\"><\/i> Lire le texte int\u00e9gral<\/a><\/p>\n<h2 style=\"clear: both;\">Olivier Appert<\/h2>\n<p><strong>Pre\u0301sident du Conseil franc\u0327ais de l\u2019E\u0301nergie ; conseiller, Centre E\u0301nergie, Ifri<\/strong><\/p>\n<blockquote>\n<p style=\"font-weight: 100;\">Tous les deux ans, l\u2019\u00e9quivalent d\u2019une nouvelle Norv\u00e8ge est mis en production aux \u00c9tats-Unis, qui sont devenus le plus grand producteur de p\u00e9trole, devant l\u2019Arabie saoudite et la Russie.<\/p>\n<\/blockquote>\n<div class=\"video-thumb\" style=\"background-image: url(https:\/\/img.youtube.com\/vi\/iUZ4NIQh4YI\/0.jpg);\"><a class=\"venobox video-img-link\" data-type=\"youtube\" href=\"https:\/\/youtu.be\/iUZ4NIQh4YI\"><i class=\"fa fa-play-circle-o\"><\/i><\/a><\/div>\n<p style=\"text-align: right;padding: 40px 0 60px 0;\"><a class=\"button small\" style=\"background: #1abc9c !important;\" href=\"https:\/\/www.worldpolicyconference.com\/wp-content\/uploads\/2016-proceedings-pdf\/fr\/2.atelier2_appert_vf.pdf\" target=\"_blank\"><i class=\"fa fa-book\" style=\"font-size: 14px; color: #fff\"><\/i> Lire le texte int\u00e9gral<\/a><\/p>\n<h2 style=\"clear: both;\">Ladislas Paszkiewicz<\/h2>\n<p><strong>Vice-pre\u0301sident, strate\u0301gie et climat, Total<\/strong><\/p>\n<blockquote>\n<p style=\"font-weight: 100;\">Le p\u00e9trole et le gaz sont responsables pour environ 37 % des \u00e9missions de GES [\u2026]<\/p>\n<\/blockquote>\n<div class=\"video-thumb\" style=\"background-image: url(https:\/\/img.youtube.com\/vi\/q3iUMit4igE\/0.jpg);\"><a class=\"venobox video-img-link\" data-type=\"youtube\" href=\"https:\/\/youtu.be\/q3iUMit4igE\"><i class=\"fa fa-play-circle-o\"><\/i><\/a><\/div>\n<p style=\"text-align: right;padding: 40px 0 60px 0;\"><a class=\"button small\" style=\"background: #1abc9c !important;\" href=\"https:\/\/www.worldpolicyconference.com\/wp-content\/uploads\/2016-proceedings-pdf\/fr\/3.atelier2_paszkiewicz_vf.pdf\" target=\"_blank\"><i class=\"fa fa-book\" style=\"font-size: 14px; color: #fff\"><\/i> Lire le texte int\u00e9gral<\/a><\/p>\n<h2 style=\"clear: both;\">D\u00e9bat 1<\/h2>\n<div class=\"video-thumb\" style=\"background-image: url(https:\/\/img.youtube.com\/vi\/rVdOTsr6HqU\/0.jpg);\"><a class=\"venobox video-img-link\" data-type=\"youtube\" href=\"https:\/\/youtu.be\/rVdOTsr6HqU\"><i class=\"fa fa-play-circle-o\"><\/i><\/a><\/div>\n<p style=\"text-align: right;padding: 40px 0 60px 0;\"><a class=\"button small\" style=\"background: #1abc9c !important;\" href=\"https:\/\/www.worldpolicyconference.com\/wp-content\/uploads\/2016-proceedings-pdf\/fr\/4.atelier2_debat1_vf.pdf\" target=\"_blank\"><i class=\"fa fa-book\" style=\"font-size: 14px; color: #fff\"><\/i> Lire le texte int\u00e9gral<\/a><\/p>\n<h2 style=\"clear: both;\">Tatsuo Masuda<\/h2>\n<p><strong>Professeur a\u0300 la Graduate School de Ngoya University of Commerce and Business ; ancien vice-pre\u0301sident, Japan National Oil Corporation (JNOC)<\/strong><\/p>\n<blockquote>\n<p style=\"font-weight: 100;\">Peut-\u00eatre que la technologie est la solution \u00e0 tous nos probl\u00e8mes concernant l\u2019\u00e9nergie et le changement climatique.<\/p>\n<\/blockquote>\n<div class=\"video-thumb\" style=\"background-image: url(https:\/\/img.youtube.com\/vi\/tP6LyWQ46M4\/0.jpg);\"><a class=\"venobox video-img-link\" data-type=\"youtube\" href=\"https:\/\/youtu.be\/tP6LyWQ46M4\"><i class=\"fa fa-play-circle-o\"><\/i><\/a><\/div>\n<p style=\"text-align: right;padding: 40px 0 60px 0;\"><a class=\"button small\" style=\"background: #1abc9c !important;\" href=\"https:\/\/www.worldpolicyconference.com\/wp-content\/uploads\/2016-proceedings-pdf\/fr\/5.atelier2_masuda_vf.pdf\" target=\"_blank\"><i class=\"fa fa-book\" style=\"font-size: 14px; color: #fff\"><\/i> Lire le texte int\u00e9gral<\/a><\/p>\n<h2 style=\"clear: both;\">Daniela Lulache<\/h2>\n<p><strong>Pre\u0301sident-directeur ge\u0301ne\u0301ral, Nuclearelectrica<\/strong><\/p>\n<blockquote>\n<p style=\"font-weight: 100;\">Nous ne pouvons atteindre cet objectif de d\u00e9carbonisation et nous ne pouvons r\u00e9soudre les probl\u00e8mes li\u00e9s au changement climatique sans le nucl\u00e9aire.<\/p>\n<\/blockquote>\n<div class=\"video-thumb\" style=\"background-image: url(https:\/\/img.youtube.com\/vi\/Uu2F90hkWTE\/0.jpg);\"><a class=\"venobox video-img-link\" data-type=\"youtube\" href=\"https:\/\/youtu.be\/Uu2F90hkWTE\"><i class=\"fa fa-play-circle-o\"><\/i><\/a><\/div>\n<p style=\"text-align: right;padding: 40px 0 60px 0;\"><a class=\"button small\" style=\"background: #1abc9c !important;\" href=\"https:\/\/www.worldpolicyconference.com\/wp-content\/uploads\/2016-proceedings-pdf\/fr\/6.atelier2_lulache_vf.pdf\" target=\"_blank\"><i class=\"fa fa-book\" style=\"font-size: 14px; color: #fff\"><\/i> Lire le texte int\u00e9gral<\/a><\/p>\n<h2 style=\"clear: both;\">Lee Hye-Min<\/h2>\n<p><strong>Sherpa du G20 et ambassadeur pour les affaires e\u0301conomiques internationales, Re\u0301publique de Core\u0301e<\/strong><\/p>\n<blockquote>\n<p style=\"font-weight: 100;\">Nous devons mettre en \u0153uvre l\u2019engagement portant sur l\u2019att\u00e9nuation et l\u2019adaptation, mais les pays d\u00e9velopp\u00e9s doivent en fournir les moyens financiers.<\/p>\n<\/blockquote>\n<div class=\"video-thumb\" style=\"background-image: url(https:\/\/img.youtube.com\/vi\/nxqiTuIcctc\/0.jpg);\"><a class=\"venobox video-img-link\" data-type=\"youtube\" href=\"https:\/\/youtu.be\/nxqiTuIcctc\"><i class=\"fa fa-play-circle-o\"><\/i><\/a><\/div>\n<p style=\"text-align: right;padding: 40px 0 60px 0;\"><a class=\"button small\" style=\"background: #1abc9c !important;\" href=\"https:\/\/www.worldpolicyconference.com\/wp-content\/uploads\/2016-proceedings-pdf\/fr\/7.atelier2_lee_vf.pdf\" target=\"_blank\"><i class=\"fa fa-book\" style=\"font-size: 14px; color: #fff\"><\/i> Lire le texte int\u00e9gral<\/a><\/p>\n<h2 style=\"clear: both;\">D\u00e9bat 2<\/h2>\n<div class=\"video-thumb\" style=\"background-image: url(https:\/\/img.youtube.com\/vi\/JyN1sZ_NyyI\/0.jpg);\"><a class=\"venobox video-img-link\" data-type=\"youtube\" href=\"https:\/\/youtu.be\/JyN1sZ_NyyI\"><i class=\"fa fa-play-circle-o\"><\/i><\/a><\/div>\n<p style=\"text-align: right;padding: 40px 0 60px 0;\"><a class=\"button small\" style=\"background: #1abc9c !important;\" href=\"https:\/\/www.worldpolicyconference.com\/wp-content\/uploads\/2016-proceedings-pdf\/fr\/8.atelier2_debat2_vf.pdf\" target=\"_blank\"><i class=\"fa fa-book\" style=\"font-size: 14px; color: #fff\"><\/i> Lire le texte int\u00e9gral<\/a><\/p>\n<\/div>\n<div class=\"well\">\n<h1 class=\"lead text-center\"><strong>Atelier n\u00b03 &#8211; Atelier n\u00b03 : La Chine en transition<\/strong><\/h1>\n<h2 style=\"clear: both;\">Park In-Kook<\/h2>\n<p><strong>Pre\u0301sident de la Korea Foundation for Advanced Studies<\/strong><\/p>\n<div class=\"video-thumb\" style=\"background-image: url(https:\/\/img.youtube.com\/vi\/hcY58lq-ZIE\/0.jpg);\"><a class=\"venobox video-img-link\" data-type=\"youtube\" href=\"https:\/\/youtu.be\/hcY58lq-ZIE\"><i class=\"fa fa-play-circle-o\"><\/i><\/a><\/div>\n<p style=\"text-align: right;padding: 40px 0 60px 0;\"><a class=\"button small\" style=\"background: #1abc9c !important;\" href=\"https:\/\/www.worldpolicyconference.com\/wp-content\/uploads\/2016-proceedings-pdf\/fr\/1.atelier3_intro_park_vf.pdf\" target=\"_blank\"><i class=\"fa fa-book\" style=\"font-size: 14px; color: #fff\"><\/i> Lire le texte int\u00e9gral<\/a><\/p>\n<h2 style=\"clear: both;\">Jia Qingguo<\/h2>\n<p><strong>Doyen de l\u2019E\u0301cole des e\u0301tudes internationales de l\u2019Universite\u0301 de Pe\u0301kin<\/strong><\/p>\n<blockquote>\n<p style=\"font-weight: 100;\">Le plus grand d\u00e9fi du pays est de trier les r\u00e9glementations pour que les choses puissent \u00eatre faites l\u00e9galement et rapidement.<\/p>\n<\/blockquote>\n<div class=\"video-thumb\" style=\"background-image: url(https:\/\/img.youtube.com\/vi\/JcItTP62Iqo\/0.jpg);\"><a class=\"venobox video-img-link\" data-type=\"youtube\" href=\"https:\/\/youtu.be\/JcItTP62Iqo\"><i class=\"fa fa-play-circle-o\"><\/i><\/a><\/div>\n<p style=\"text-align: right;padding: 40px 0 60px 0;\"><a class=\"button small\" style=\"background: #1abc9c !important;\" href=\"https:\/\/www.worldpolicyconference.com\/wp-content\/uploads\/2016-proceedings-pdf\/fr\/2.atelier3_jia_vf.pdf\" target=\"_blank\"><i class=\"fa fa-book\" style=\"font-size: 14px; color: #fff\"><\/i> Lire le texte int\u00e9gral<\/a><\/p>\n<h2 style=\"clear: both;\">Qiao Yide<\/h2>\n<p><strong>Vice-pre\u0301sident et secre\u0301taire ge\u0301ne\u0301ral du Shanghai Development Research Foundation<\/strong><\/p>\n<blockquote>\n<p style=\"font-weight: 100;\">Le gouvernement chinois a d\u00e9fini six secteurs comme \u00e9tant \u00ab des secteurs strat\u00e9giques : la cyber\u00e9conomie, la fabrication d\u2019\u00e9quipements haut de gamme, l\u2019\u00e9conomie num\u00e9rique, l\u2019\u00e9conomie verte et \u00e0 faibles \u00e9missions de carbone et la bio\u00e9conomie.<\/p>\n<\/blockquote>\n<div class=\"video-thumb\" style=\"background-image: url(https:\/\/img.youtube.com\/vi\/V89-RgaVwqc\/0.jpg);\"><a class=\"venobox video-img-link\" data-type=\"youtube\" href=\"https:\/\/youtu.be\/V89-RgaVwqc\"><i class=\"fa fa-play-circle-o\"><\/i><\/a><\/div>\n<p style=\"text-align: right;padding: 40px 0 60px 0;\"><a class=\"button small\" style=\"background: #1abc9c !important;\" href=\"https:\/\/www.worldpolicyconference.com\/wp-content\/uploads\/2016-proceedings-pdf\/fr\/3.atelier3_qiao_vf.pdf\" target=\"_blank\"><i class=\"fa fa-book\" style=\"font-size: 14px; color: #fff\"><\/i> Lire le texte int\u00e9gral<\/a><\/p>\n<h2 style=\"clear: both;\">Richard Cooper<\/h2>\n<p><strong>Professeur d\u2019e\u0301conomie internationale a\u0300 l\u2019Universite\u0301 de Harvard<\/strong><\/p>\n<blockquote>\n<p style=\"font-weight: 100;\">Que pouvons-nous attendre d&rsquo;une administration Trump ? Et dans quelle mesure cela va-t-il affecter la Chine ?<\/p>\n<\/blockquote>\n<div class=\"video-thumb\" style=\"background-image: url(https:\/\/img.youtube.com\/vi\/y0NqKyxD7n8\/0.jpg);\"><a class=\"venobox video-img-link\" data-type=\"youtube\" href=\"https:\/\/youtu.be\/y0NqKyxD7n8\"><i class=\"fa fa-play-circle-o\"><\/i><\/a><\/div>\n<p style=\"text-align: right;padding: 40px 0 60px 0;\"><a class=\"button small\" style=\"background: #1abc9c !important;\" href=\"https:\/\/www.worldpolicyconference.com\/wp-content\/uploads\/2016-proceedings-pdf\/fr\/4.atelier3_cooper_vf.pdf\" target=\"_blank\"><i class=\"fa fa-book\" style=\"font-size: 14px; color: #fff\"><\/i> Lire le texte int\u00e9gral<\/a><\/p>\n<h2 style=\"clear: both;\">Douglas Paal<\/h2>\n<p><strong>Vice-pre\u0301sident, Carnegie Endowment for International Peace<\/strong><\/p>\n<blockquote>\n<p style=\"font-weight: 100;\">Cela va \u00eatre une bonne p\u00e9riode pour la Chine. C\u2019est une impression largement partag\u00e9e par le monde des affaires et hors des rangs officiels.<\/p>\n<\/blockquote>\n<div class=\"video-thumb\" style=\"background-image: url(https:\/\/img.youtube.com\/vi\/AWYtIaqxpC0\/0.jpg);\"><a class=\"venobox video-img-link\" data-type=\"youtube\" href=\"https:\/\/youtu.be\/AWYtIaqxpC0\"><i class=\"fa fa-play-circle-o\"><\/i><\/a><\/div>\n<p style=\"text-align: right;padding: 40px 0 60px 0;\"><a class=\"button small\" style=\"background: #1abc9c !important;\" href=\"https:\/\/www.worldpolicyconference.com\/wp-content\/uploads\/2016-proceedings-pdf\/fr\/5.atelier3_paal_vf.pdf\" target=\"_blank\"><i class=\"fa fa-book\" style=\"font-size: 14px; color: #fff\"><\/i> Lire le texte int\u00e9gral<\/a><\/p>\n<h2 style=\"clear: both;\">Bark Taeho<\/h2>\n<p><strong>Professeur, Universite\u0301 nationale de Se\u0301oul ; ancien ministre du Commerce de la Re\u0301publique de Core\u0301e<\/strong><\/p>\n<blockquote>\n<p style=\"font-weight: 100;\">Le cycle de Doha pour le d\u00e9veloppement des n\u00e9gociations commerciales multilat\u00e9rales est \u00e0 l&rsquo;arr\u00eat et ne m\u00e8ne nulle part.<\/p>\n<\/blockquote>\n<div class=\"video-thumb\" style=\"background-image: url(https:\/\/img.youtube.com\/vi\/Sr7eP7h5ABQ\/0.jpg);\"><a class=\"venobox video-img-link\" data-type=\"youtube\" href=\"https:\/\/youtu.be\/Sr7eP7h5ABQ\"><i class=\"fa fa-play-circle-o\"><\/i><\/a><\/div>\n<p style=\"text-align: right;padding: 40px 0 60px 0;\"><a class=\"button small\" style=\"background: #1abc9c !important;\" href=\"https:\/\/www.worldpolicyconference.com\/wp-content\/uploads\/2016-proceedings-pdf\/fr\/6.atelier3_bark_vf.pdf\" target=\"_blank\"><i class=\"fa fa-book\" style=\"font-size: 14px; color: #fff\"><\/i> Lire le texte int\u00e9gral<\/a><\/p>\n<h2 style=\"clear: both;\">Michel Foucher<\/h2>\n<p><strong>Titulaire de la chaire de ge\u0301opolitique applique\u0301e au Colle\u0300ge d\u2019e\u0301tudes mondiales (FMSH-ENS) ; ancien directeur du Centre d\u2019analyse et de pre\u0301vision du ministe\u0300re des Affaires e\u0301trange\u0300res<\/strong><\/p>\n<blockquote>\n<p style=\"font-weight: 100;\">Il est important de comprendre que le contexte g\u00e9n\u00e9ral a chang\u00e9. [\u2026] La Realpolitik classique est donc la nouvelle norme, avec des domaines d&rsquo;influence, des pactes et des alliances, des bases logistiques et militaires \u00e0 l&rsquo;\u00e9tranger.<\/p>\n<\/blockquote>\n<div class=\"video-thumb\" style=\"background-image: url(https:\/\/img.youtube.com\/vi\/AjTNy_5DocE\/0.jpg);\"><a class=\"venobox video-img-link\" data-type=\"youtube\" href=\"https:\/\/youtu.be\/AjTNy_5DocE\"><i class=\"fa fa-play-circle-o\"><\/i><\/a><\/div>\n<p style=\"text-align: right;padding: 40px 0 60px 0;\"><a class=\"button small\" style=\"background: #1abc9c !important;\" href=\"https:\/\/www.worldpolicyconference.com\/wp-content\/uploads\/2016-proceedings-pdf\/fr\/7.atelier3_foucher_vf.pdf\" target=\"_blank\"><i class=\"fa fa-book\" style=\"font-size: 14px; color: #fff\"><\/i> Lire le texte int\u00e9gral<\/a><\/p>\n<h2 style=\"clear: both;\">Yuichi Hosoya<\/h2>\n<p><strong>Professeur, de\u0301partement des sciences politiques, Universite\u0301 de Keio<\/strong><\/p>\n<blockquote>\n<p style=\"font-weight: 100;\">Le pr\u00e9sident Trump adoptera tr\u00e8s probablement une politique de l\u2019\u00ab Am\u00e9rique d\u2019abord \u00bb, ce qui se traduira par une r\u00e9duction de l\u2019engagement des \u00c9tats-Unis en Asie de l\u2019Est.<\/p>\n<\/blockquote>\n<div class=\"video-thumb\" style=\"background-image: url(https:\/\/img.youtube.com\/vi\/BuyzecYJM5A\/0.jpg);\"><a class=\"venobox video-img-link\" data-type=\"youtube\" href=\"https:\/\/youtu.be\/BuyzecYJM5A\"><i class=\"fa fa-play-circle-o\"><\/i><\/a><\/div>\n<p style=\"text-align: right;padding: 40px 0 60px 0;\"><a class=\"button small\" style=\"background: #1abc9c !important;\" href=\"https:\/\/www.worldpolicyconference.com\/wp-content\/uploads\/2016-proceedings-pdf\/fr\/8.atelier3_hosoya_vf.pdf\" target=\"_blank\"><i class=\"fa fa-book\" style=\"font-size: 14px; color: #fff\"><\/i> Lire le texte int\u00e9gral<\/a><\/p>\n<h2 style=\"clear: both;\">D\u00e9bat <\/h2>\n<div class=\"video-thumb\" style=\"background-image: url(https:\/\/img.youtube.com\/vi\/5VMQ8LsQNYE\/0.jpg);\"><a class=\"venobox video-img-link\" data-type=\"youtube\" href=\"https:\/\/youtu.be\/5VMQ8LsQNYE\"><i class=\"fa fa-play-circle-o\"><\/i><\/a><\/div>\n<p style=\"text-align: right;padding: 40px 0 60px 0;\"><a class=\"button small\" style=\"background: #1abc9c !important;\" href=\"https:\/\/www.worldpolicyconference.com\/wp-content\/uploads\/2016-proceedings-pdf\/fr\/9.atelier3_debat_vf.pdf\" target=\"_blank\"><i class=\"fa fa-book\" style=\"font-size: 14px; color: #fff\"><\/i> Lire le texte int\u00e9gral<\/a><\/p>\n<\/div>\n<\/div><\/div>\n<div class=\"vertical-tab\"><div class=\"vertical-tab-link\"><a href=\"#lun-21-nov-14\">12:45 \u2013 14:15 <br \/>D\u00e9jeuner d\u00e9bat<\/a><\/div><div id=\"lun-21-nov-14\" class=\"vertical-tab-content\">\n<h1 style=\"margin-bottom: 25px;\" class=\"text-right\">12:45 \u2013 14:15  |\u00a0D\u00e9jeuner d\u00e9bat<\/h1>\n<h2 style=\"clear: both;\">Thierry de Montbrial<\/h2>\n<p><strong>Pre\u0301sident et fondateur de la World Policy Conference<\/strong><\/p>\n<div class=\"video-thumb\" style=\"background-image: url(https:\/\/img.youtube.com\/vi\/57iuI-TiJEs\/0.jpg);\"><a class=\"venobox video-img-link\" data-type=\"youtube\" href=\"https:\/\/youtu.be\/57iuI-TiJEs\"><i class=\"fa fa-play-circle-o\"><\/i><\/a><\/div>\n<p style=\"text-align: right;padding: 40px 0 60px 0;\"><a class=\"button small\" style=\"background: #1abc9c !important;\" href=\"https:\/\/www.worldpolicyconference.com\/wp-content\/uploads\/2016-proceedings-pdf\/fr\/1.dejeuner2_intro_montbrial_vf.pdf\" target=\"_blank\"><i class=\"fa fa-book\" style=\"font-size: 14px; color: #fff\"><\/i> Lire le texte int\u00e9gral<\/a><\/p>\n<h2 style=\"clear: both;\">Shivshankar Menon<\/h2>\n<p><strong>Ancien conseiller pour la se\u0301curite\u0301 nationale aupre\u0300s du Premier ministre, Inde<\/strong><\/p>\n<blockquote>\n<p style=\"font-weight: 100;\">L&rsquo;Inde est en train de vivre des changements internes majeurs, tellement rapides que nous devons encore vraiment nous y adapter.<\/p>\n<\/blockquote>\n<div class=\"video-thumb\" style=\"background-image: url(https:\/\/img.youtube.com\/vi\/HwpA_SJJmgA\/0.jpg);\"><a class=\"venobox video-img-link\" data-type=\"youtube\" href=\"https:\/\/youtu.be\/HwpA_SJJmgA\"><i class=\"fa fa-play-circle-o\"><\/i><\/a><\/div>\n<p style=\"text-align: right;padding: 40px 0 60px 0;\"><a class=\"button small\" style=\"background: #1abc9c !important;\" href=\"https:\/\/www.worldpolicyconference.com\/wp-content\/uploads\/2016-proceedings-pdf\/fr\/2.dejeuner2_menon_vf.pdf\" target=\"_blank\"><i class=\"fa fa-book\" style=\"font-size: 14px; color: #fff\"><\/i> Lire le texte int\u00e9gral<\/a><\/p>\n<\/div><\/div>\n<div class=\"vertical-tab\"><div class=\"vertical-tab-link\"><a href=\"#lun-21-nov-15\">14:15 \u2013 16:00 <br \/>Session pl\u00e9ni\u00e8re 9<\/a><\/div><div id=\"lun-21-nov-15\" class=\"vertical-tab-content\">\n<h1 style=\"margin-bottom: 10px;\" class=\"text-right\">14:15 \u2013 16:00  |\u00a0Session pl\u00e9ni\u00e8re 9<\/h1>\n<h1 style=\"margin-bottom: 25px;\" class=\"text-right\">Apr\u00e8s les \u00e9lections am\u00e9ricaines<\/h1>\n<h2 style=\"clear: both;\">Jim Hoagland<\/h2>\n<p><strong>Conseiller de la re\u0301daction de The Washington Post<\/strong><\/p>\n<div class=\"video-thumb\" style=\"background-image: url(https:\/\/img.youtube.com\/vi\/qRzJmjnYIYc\/0.jpg);\"><a class=\"venobox video-img-link\" data-type=\"youtube\" href=\"https:\/\/youtu.be\/qRzJmjnYIYc\"><i class=\"fa fa-play-circle-o\"><\/i><\/a><\/div>\n<p style=\"text-align: right;padding: 40px 0 60px 0;\"><a class=\"button small\" style=\"background: #1abc9c !important;\" href=\"https:\/\/www.worldpolicyconference.com\/wp-content\/uploads\/2016-proceedings-pdf\/fr\/1.session9_intro_hoagland_vf.pdf\" target=\"_blank\"><i class=\"fa fa-book\" style=\"font-size: 14px; color: #fff\"><\/i> Lire le texte int\u00e9gral<\/a><\/p>\n<h2 style=\"clear: both;\">Fran\u00e7ois Bujon de l\u2019Estang<\/h2>\n<p><strong>Pre\u0301sident, FBE International Consultants ; ancien ambassadeur de France aux E\u0301tats-Unis<\/strong><\/p>\n<blockquote>\n<p style=\"font-weight: 100;\">De nombreuses questions se posent par ailleurs \u00e0 propos d\u2019une Am\u00e9rique profond\u00e9ment divis\u00e9e, ce qui \u00e9tait vraiment la toile de fond de son \u00e9lection. <\/p>\n<\/blockquote>\n<div class=\"video-thumb\" style=\"background-image: url(https:\/\/img.youtube.com\/vi\/cPpxv7C8FtE\/0.jpg);\"><a class=\"venobox video-img-link\" data-type=\"youtube\" href=\"https:\/\/youtu.be\/cPpxv7C8FtE\"><i class=\"fa fa-play-circle-o\"><\/i><\/a><\/div>\n<p style=\"text-align: right;padding: 40px 0 60px 0;\"><a class=\"button small\" style=\"background: #1abc9c !important;\" href=\"https:\/\/www.worldpolicyconference.com\/wp-content\/uploads\/2016-proceedings-pdf\/fr\/2.session9_bujon_vf.pdf\" target=\"_blank\"><i class=\"fa fa-book\" style=\"font-size: 14px; color: #fff\"><\/i> Lire le texte int\u00e9gral<\/a><\/p>\n<h2 style=\"clear: both;\">Ichiro Fujisaki<\/h2>\n<p><strong>Ancien ambassadeur du Japon aux E\u0301tats-Unis<\/strong><\/p>\n<blockquote>\n<p style=\"font-weight: 100;\">Comment les choses vont-elles \u00e9voluer ? Il faudrait sans doute surveiller la politique sur trois fronts : l\u2019environnement, les \u00e9changes commerciaux et le Moyen-Orient.<\/p>\n<\/blockquote>\n<div class=\"video-thumb\" style=\"background-image: url(https:\/\/img.youtube.com\/vi\/gnlhxukhjAU\/0.jpg);\"><a class=\"venobox video-img-link\" data-type=\"youtube\" href=\"https:\/\/youtu.be\/gnlhxukhjAU\"><i class=\"fa fa-play-circle-o\"><\/i><\/a><\/div>\n<p style=\"text-align: right;padding: 40px 0 60px 0;\"><a class=\"button small\" style=\"background: #1abc9c !important;\" href=\"https:\/\/www.worldpolicyconference.com\/wp-content\/uploads\/2016-proceedings-pdf\/fr\/3.session9_fujisaki_vf.pdf\" target=\"_blank\"><i class=\"fa fa-book\" style=\"font-size: 14px; color: #fff\"><\/i> Lire le texte int\u00e9gral<\/a><\/p>\n<h2 style=\"clear: both;\">Jin Roy Ryu<\/h2>\n<p><strong>Pre\u0301sident-directeur ge\u0301ne\u0301ral, Poongsan Group, Re\u0301publique de Core\u0301e<\/strong><\/p>\n<blockquote>\n<p style=\"font-weight: 100;\">Le slogan de la campagne du Pr\u00e9sident \u00e9lu Donald Trump \u00ab Make America great again \u00bb a touch\u00e9 au c\u0153ur ceux qui ont vot\u00e9 pour lui.<\/p>\n<\/blockquote>\n<div class=\"video-thumb\" style=\"background-image: url(https:\/\/img.youtube.com\/vi\/XxVniVrJflo\/0.jpg);\"><a class=\"venobox video-img-link\" data-type=\"youtube\" href=\"https:\/\/youtu.be\/XxVniVrJflo\"><i class=\"fa fa-play-circle-o\"><\/i><\/a><\/div>\n<p style=\"text-align: right;padding: 40px 0 60px 0;\"><a class=\"button small\" style=\"background: #1abc9c !important;\" href=\"https:\/\/www.worldpolicyconference.com\/wp-content\/uploads\/2016-proceedings-pdf\/fr\/4.session9_ryu_vf.pdf\" target=\"_blank\"><i class=\"fa fa-book\" style=\"font-size: 14px; color: #fff\"><\/i> Lire le texte int\u00e9gral<\/a><\/p>\n<h2 style=\"clear: both;\">Juan Gallardo<\/h2>\n<p><strong>Pre\u0301sident, Organizacion Cultiba SAB de CV, Mexico<\/strong><\/p>\n<blockquote>\n<p style=\"font-weight: 100;\">Il y a \u00e9galement plus de Mexicains qui reviennent au Mexique que de Mexicains qui vont aux \u00c9tats-Unis de nos jours, et ce depuis deux ou trois ans. L\u2019id\u00e9e d\u2019avoir une fronti\u00e8re bien contr\u00f4l\u00e9e et sous surveillance ad\u00e9quate existe et fonctionne bien.<\/p>\n<\/blockquote>\n<div class=\"video-thumb\" style=\"background-image: url(https:\/\/img.youtube.com\/vi\/X9BrQPpazss\/0.jpg);\"><a class=\"venobox video-img-link\" data-type=\"youtube\" href=\"https:\/\/youtu.be\/X9BrQPpazss\"><i class=\"fa fa-play-circle-o\"><\/i><\/a><\/div>\n<p style=\"text-align: right;padding: 40px 0 60px 0;\"><a class=\"button small\" style=\"background: #1abc9c !important;\" href=\"https:\/\/www.worldpolicyconference.com\/wp-content\/uploads\/2016-proceedings-pdf\/fr\/5.session9_gallardo_vf.pdf\" target=\"_blank\"><i class=\"fa fa-book\" style=\"font-size: 14px; color: #fff\"><\/i> Lire le texte int\u00e9gral<\/a><\/p>\n<h2 style=\"clear: both;\">Vuk Jeremic<\/h2>\n<p><strong>Pre\u0301sident du Centre pour la coope\u0301ration internationale et le de\u0301veloppement durable (CIRSD), pre\u0301sident de la 67e session de l\u2019Assemble\u0301e ge\u0301ne\u0301rale de l\u2019ONU, ancien conseiller du Pre\u0301sident de Serbie<\/strong><\/p>\n<blockquote>\n<p style=\"font-weight: 100;\">L\u2019\u00e9lection de Donald Trump peut servir \u00e0 acc\u00e9l\u00e9rer les mouvements, id\u00e9es et candidats populistes lors des prochaines \u00e9lections en Europe de l\u2019Ouest.<\/p>\n<\/blockquote>\n<div class=\"video-thumb\" style=\"background-image: url(https:\/\/img.youtube.com\/vi\/gPC3_q03XkM\/0.jpg);\"><a class=\"venobox video-img-link\" data-type=\"youtube\" href=\"https:\/\/youtu.be\/gPC3_q03XkM\"><i class=\"fa fa-play-circle-o\"><\/i><\/a><\/div>\n<p style=\"text-align: right;padding: 40px 0 60px 0;\"><a class=\"button small\" style=\"background: #1abc9c !important;\" href=\"https:\/\/www.worldpolicyconference.com\/wp-content\/uploads\/2016-proceedings-pdf\/fr\/6.session9_jeremic_vf.pdf\" target=\"_blank\"><i class=\"fa fa-book\" style=\"font-size: 14px; color: #fff\"><\/i> Lire le texte int\u00e9gral<\/a><\/p>\n<h2 style=\"clear: both;\">Wang Jisi<\/h2>\n<p><strong>Pre\u0301sident de l\u2019Institut des e\u0301tudes strate\u0301giques et internationales de l\u2019universite\u0301 de Pe\u0301kin et professeur a\u0300 l\u2019E\u0301cole des e\u0301tudes internationales, universite\u0301 de Pe\u0301kin<\/strong><\/p>\n<blockquote>\n<p style=\"font-weight: 100;\">La Chine a \u00e9t\u00e9 l&rsquo;une des plus grandes b\u00e9n\u00e9ficiaires de la mondialisation \u00e9conomique, et la prochaine \u00e9tape de sa r\u00e9forme et de son ouverture continuera \u00e0 d\u00e9pendre de l&rsquo;acc\u00e8s aux march\u00e9s et de la libert\u00e9 des \u00e9changes de capitaux.<\/p>\n<\/blockquote>\n<div class=\"video-thumb\" style=\"background-image: url(https:\/\/img.youtube.com\/vi\/hscfYNde7Tc\/0.jpg);\"><a class=\"venobox video-img-link\" data-type=\"youtube\" href=\"https:\/\/youtu.be\/hscfYNde7Tc\"><i class=\"fa fa-play-circle-o\"><\/i><\/a><\/div>\n<p style=\"text-align: right;padding: 40px 0 60px 0;\"><a class=\"button small\" style=\"background: #1abc9c !important;\" href=\"https:\/\/www.worldpolicyconference.com\/wp-content\/uploads\/2016-proceedings-pdf\/fr\/7.session9_wang_vf.pdf\" target=\"_blank\"><i class=\"fa fa-book\" style=\"font-size: 14px; color: #fff\"><\/i> Lire le texte int\u00e9gral<\/a><\/p>\n<h2 style=\"clear: both;\">Ryan Evans<\/h2>\n<p><strong>Fondateur, PDG et re\u0301dacteur en chef de War on the Rocks<\/strong><\/p>\n<blockquote>\n<p style=\"font-weight: 100;\">Nous devons en fait nous pr\u00e9parer \u00e0 la destruction de la d\u00e9mocratie aux \u00c9tats-Unis et peut-\u00eatre m\u00eame \u00e0 l\u2019introduction d\u2019une certaine forme d\u2019autocratie.<\/p>\n<\/blockquote>\n<div class=\"video-thumb\" style=\"background-image: url(https:\/\/img.youtube.com\/vi\/sLD9nejMAbM\/0.jpg);\"><a class=\"venobox video-img-link\" data-type=\"youtube\" href=\"https:\/\/youtu.be\/sLD9nejMAbM\"><i class=\"fa fa-play-circle-o\"><\/i><\/a><\/div>\n<p style=\"text-align: right;padding: 40px 0 60px 0;\"><a class=\"button small\" style=\"background: #1abc9c !important;\" href=\"https:\/\/www.worldpolicyconference.com\/wp-content\/uploads\/2016-proceedings-pdf\/fr\/8.session9_evans_vf.pdf\" target=\"_blank\"><i class=\"fa fa-book\" style=\"font-size: 14px; color: #fff\"><\/i> Lire le texte int\u00e9gral<\/a><\/p>\n<h2 style=\"clear: both;\">D\u00e9bat <\/h2>\n<div class=\"video-thumb\" style=\"background-image: url(https:\/\/img.youtube.com\/vi\/Hz7R3R_U5co\/0.jpg);\"><a class=\"venobox video-img-link\" data-type=\"youtube\" href=\"https:\/\/youtu.be\/Hz7R3R_U5co\"><i class=\"fa fa-play-circle-o\"><\/i><\/a><\/div>\n<p style=\"text-align: right;padding: 40px 0 60px 0;\"><a class=\"button small\" style=\"background: #1abc9c !important;\" href=\"https:\/\/www.worldpolicyconference.com\/wp-content\/uploads\/2016-proceedings-pdf\/fr\/9.session9_debat_vf.pdf\" target=\"_blank\"><i class=\"fa fa-book\" style=\"font-size: 14px; color: #fff\"><\/i> Lire le texte int\u00e9gral<\/a><\/p>\n<\/div><\/div>\n<div class=\"vertical-tab\"><div class=\"vertical-tab-link\"><a href=\"#lun-21-nov-16\">16:00 \u2013 16:30<br \/>Session pl\u00e9ni\u00e8re 10<\/a><\/div><div id=\"lun-21-nov-16\" class=\"vertical-tab-content\">\n<h1 style=\"margin-bottom: 10px;\" class=\"text-right\">16:00 \u2013 16:30 |\u00a0Session pl\u00e9ni\u00e8re 10<\/h1>\n<h1 style=\"margin-bottom: 25px;\" class=\"text-right\">La conqu\u00eate de l\u2019espace : une grande aventure technologique et un d\u00e9fi pour la gouvernance<\/h1>\n<h2 style=\"clear: both;\">Thierry de Montbrial<\/h2>\n<p><strong>Pre\u0301sident et fondateur de la World Policy Conference<\/strong><\/p>\n<div class=\"video-thumb\" style=\"background-image: url(https:\/\/img.youtube.com\/vi\/wyinfaXErgk\/0.jpg);\"><a class=\"venobox video-img-link\" data-type=\"youtube\" href=\"https:\/\/youtu.be\/wyinfaXErgk\"><i class=\"fa fa-play-circle-o\"><\/i><\/a><\/div>\n<p style=\"text-align: right;padding: 40px 0 60px 0;\"><a class=\"button small\" style=\"background: #1abc9c !important;\" href=\"https:\/\/www.worldpolicyconference.com\/wp-content\/uploads\/2016-proceedings-pdf\/fr\/1.session10_intro_montbrial_vf.pdf\" target=\"_blank\"><i class=\"fa fa-book\" style=\"font-size: 14px; color: #fff\"><\/i> Lire le texte int\u00e9gral<\/a><\/p>\n<h2 style=\"clear: both;\">Jean-Yves Le Gall<\/h2>\n<p><strong>Pre\u0301sident du Centre national d\u2019e\u0301tudes spatiales (CNES)<\/strong><\/p>\n<blockquote>\n<p style=\"font-weight: 100;\">Les satellites sont des instruments cruciaux dans l\u2019effort pour ralentir le changement climatique.<\/p>\n<\/blockquote>\n<div class=\"video-thumb\" style=\"background-image: url(https:\/\/img.youtube.com\/vi\/s5hXrE8B1T4\/0.jpg);\"><a class=\"venobox video-img-link\" data-type=\"youtube\" href=\"https:\/\/youtu.be\/s5hXrE8B1T4\"><i class=\"fa fa-play-circle-o\"><\/i><\/a><\/div>\n<p style=\"text-align: right;padding: 40px 0 60px 0;\"><a class=\"button small\" style=\"background: #1abc9c !important;\" href=\"https:\/\/www.worldpolicyconference.com\/wp-content\/uploads\/2016-proceedings-pdf\/fr\/2.session10_legall_vf.pdf\" target=\"_blank\"><i class=\"fa fa-book\" style=\"font-size: 14px; color: #fff\"><\/i> Lire le texte int\u00e9gral<\/a><\/p>\n<h2 style=\"clear: both;\">D\u00e9bat<\/h2>\n<div class=\"video-thumb\" style=\"background-image: url(https:\/\/img.youtube.com\/vi\/FW3SA7cC8AY\/0.jpg);\"><a class=\"venobox video-img-link\" data-type=\"youtube\" href=\"https:\/\/youtu.be\/FW3SA7cC8AY\"><i class=\"fa fa-play-circle-o\"><\/i><\/a><\/div>\n<p style=\"text-align: right;padding: 40px 0 60px 0;\"><a class=\"button small\" style=\"background: #1abc9c !important;\" href=\"https:\/\/www.worldpolicyconference.com\/wp-content\/uploads\/2016-proceedings-pdf\/fr\/3.session10_debat_vf.pdf\" target=\"_blank\"><i class=\"fa fa-book\" style=\"font-size: 14px; color: #fff\"><\/i> Lire le texte int\u00e9gral<\/a><\/p>\n<\/div><\/div>\n<div class=\"vertical-tab\"><div class=\"vertical-tab-link\"><a href=\"#lun-21-nov-17\">16:30 \u2013 17:00<br \/>Pause caf\u00e9<\/a><\/div><div id=\"lun-21-nov-17\" class=\"vertical-tab-content\">\n<h1 style=\"margin-bottom: 25px;\" class=\"text-right\">16:30 \u2013 17:00 |\u00a0Pause caf\u00e9<\/h1>\n<\/div><\/div>\n<div class=\"vertical-tab\"><div class=\"vertical-tab-link\"><a href=\"#lun-21-nov-18\">17:00 \u2013 18:30<br \/>Session pl\u00e9ni\u00e8re 11<\/a><\/div><div id=\"lun-21-nov-18\" class=\"vertical-tab-content\">\n<h1 style=\"margin-bottom: 10px;\" class=\"text-right\">17:00 \u2013 18:30 |\u00a0Session pl\u00e9ni\u00e8re 11<\/h1>\n<h1 style=\"margin-bottom: 25px;\" class=\"text-right\">Combattre le terrorisme<\/h1>\n<h2 style=\"clear: both;\">Justin Va\u00efsse<\/h2>\n<p><strong>Directeur du Centre d\u2019analyse, de pr\u00e9vision et de strat\u00e9gie du minist\u00e8re des Affaires \u00e9trang\u00e8res, France<\/strong><\/p>\n<div class=\"video-thumb\" style=\"background-image: url(https:\/\/img.youtube.com\/vi\/kKCHqYKHwRM\/0.jpg);\"><a class=\"venobox video-img-link\" data-type=\"youtube\" href=\"https:\/\/youtu.be\/kKCHqYKHwRM\"><i class=\"fa fa-play-circle-o\"><\/i><\/a><\/div>\n<p style=\"text-align: right;padding: 40px 0 60px 0;\"><a class=\"button small\" style=\"background: #1abc9c !important;\" href=\"https:\/\/www.worldpolicyconference.com\/wp-content\/uploads\/2016-proceedings-pdf\/fr\/1.session11_intro_vaisse_vf.pdf\" target=\"_blank\"><i class=\"fa fa-book\" style=\"font-size: 14px; color: #fff\"><\/i> Lire le texte int\u00e9gral<\/a><\/p>\n<h2 style=\"clear: both;\">Sergei Karaganov<\/h2>\n<p><strong>Pre\u0301sident honoraire du Pre\u0301sidium du conseil en charge de la politique exte\u0301rieure et de de\u0301fense, Russie<\/strong><\/p>\n<blockquote>\n<p style=\"font-weight: 100;\">Ces organisations [terroristes] sont aussi le r\u00e9sultat d\u2019une intrusion injustifi\u00e9e, tout \u00e0 fait incomp\u00e9tente et irresponsable, de puissances \u00e9trang\u00e8res.<\/p>\n<\/blockquote>\n<div class=\"video-thumb\" style=\"background-image: url(https:\/\/img.youtube.com\/vi\/ZrSpq1vfUtE\/0.jpg);\"><a class=\"venobox video-img-link\" data-type=\"youtube\" href=\"https:\/\/youtu.be\/ZrSpq1vfUtE\"><i class=\"fa fa-play-circle-o\"><\/i><\/a><\/div>\n<p style=\"text-align: right;padding: 40px 0 60px 0;\"><a class=\"button small\" style=\"background: #1abc9c !important;\" href=\"https:\/\/www.worldpolicyconference.com\/wp-content\/uploads\/2016-proceedings-pdf\/fr\/2.session11_karaganov_vf.pdf\" target=\"_blank\"><i class=\"fa fa-book\" style=\"font-size: 14px; color: #fff\"><\/i> Lire le texte int\u00e9gral<\/a><\/p>\n<h2 style=\"clear: both;\">Mayankote Kelath Narayanan<\/h2>\n<p><strong>Ancien gouverneur de l\u2019E\u0301tat du Bengale occidental, Inde<\/strong><\/p>\n<blockquote>\n<p style=\"font-weight: 100;\">Internet va devenir une arme majeure entre les mains de Daech, une fois que l&rsquo;organisation le transformera en Daech 2.0. Daech pr\u00e9voit d\u00e9j\u00e0 d&rsquo;utiliser le \u00ab web invisible \u00bb et le \u00ab dark net \u00bb.<\/p>\n<\/blockquote>\n<div class=\"video-thumb\" style=\"background-image: url(https:\/\/img.youtube.com\/vi\/BfQ8luxQHug\/0.jpg);\"><a class=\"venobox video-img-link\" data-type=\"youtube\" href=\"https:\/\/youtu.be\/BfQ8luxQHug\"><i class=\"fa fa-play-circle-o\"><\/i><\/a><\/div>\n<p style=\"text-align: right;padding: 40px 0 60px 0;\"><a class=\"button small\" style=\"background: #1abc9c !important;\" href=\"https:\/\/www.worldpolicyconference.com\/wp-content\/uploads\/2016-proceedings-pdf\/fr\/3.session11_narayanan_vf.pdf\" target=\"_blank\"><i class=\"fa fa-book\" style=\"font-size: 14px; color: #fff\"><\/i> Lire le texte int\u00e9gral<\/a><\/p>\n<h2 style=\"clear: both;\">Jamal Khashoggi<\/h2>\n<p><strong>Directeur ge\u0301ne\u0301ral, Al Arab News Channel, Arabie saoudite<\/strong><\/p>\n<blockquote>\n<p style=\"font-weight: 100;\">Nous devons nous attaquer \u00e0 la racine du probl\u00e8me. La racine du probl\u00e8me, c\u2019est le chaos et l\u2019anarchie.<\/p>\n<\/blockquote>\n<div class=\"video-thumb\" style=\"background-image: url(https:\/\/img.youtube.com\/vi\/IVV4-Zxuxm0\/0.jpg);\"><a class=\"venobox video-img-link\" data-type=\"youtube\" href=\"https:\/\/youtu.be\/IVV4-Zxuxm0\"><i class=\"fa fa-play-circle-o\"><\/i><\/a><\/div>\n<p style=\"text-align: right;padding: 40px 0 60px 0;\"><a class=\"button small\" style=\"background: #1abc9c !important;\" href=\"https:\/\/www.worldpolicyconference.com\/wp-content\/uploads\/2016-proceedings-pdf\/fr\/4.session11_khashoggi_vf.pdf\" target=\"_blank\"><i class=\"fa fa-book\" style=\"font-size: 14px; color: #fff\"><\/i> Lire le texte int\u00e9gral<\/a><\/p>\n<h2 style=\"clear: both;\">Wang Jisi<\/h2>\n<p><strong>Pre\u0301sident de l\u2019Institut des e\u0301tudes strate\u0301giques et internationales de l\u2019universite\u0301 de Pe\u0301kin et professeur a\u0300 l\u2019E\u0301cole des e\u0301tudes internationales, universite\u0301 de Pe\u0301kin<\/strong><\/p>\n<blockquote>\n<p style=\"font-weight: 100;\">L\u2019antiterrorisme occupe d\u00e9sormais une place plus importante sur l\u2019agenda int\u00e9rieur de la Chine, il est plac\u00e9 plus haut sur la liste des priorit\u00e9s. <\/p>\n<\/blockquote>\n<div class=\"video-thumb\" style=\"background-image: url(https:\/\/img.youtube.com\/vi\/jYKuesn5fD0\/0.jpg);\"><a class=\"venobox video-img-link\" data-type=\"youtube\" href=\"https:\/\/youtu.be\/jYKuesn5fD0\"><i class=\"fa fa-play-circle-o\"><\/i><\/a><\/div>\n<p style=\"text-align: right;padding: 40px 0 60px 0;\"><a class=\"button small\" style=\"background: #1abc9c !important;\" href=\"https:\/\/www.worldpolicyconference.com\/wp-content\/uploads\/2016-proceedings-pdf\/fr\/5.session11_jisi_vf.pdf\" target=\"_blank\"><i class=\"fa fa-book\" style=\"font-size: 14px; color: #fff\"><\/i> Lire le texte int\u00e9gral<\/a><\/p>\n<h2 style=\"clear: both;\">Jehangir Khan<\/h2>\n<p><strong>Directeur de l\u2019e\u0301quipe spe\u0301ciale de lutte contre le terrorisme (CTITF) et du Centre des Nations unies pour la lutte contre le terrorisme (UNCCT) au sein du de\u0301partement des Affaires politiques (DAP) du secre\u0301tariat de l\u2019ONU<\/strong><\/p>\n<blockquote>\n<p style=\"font-weight: 100;\">La raison pour laquelle nous nous inqui\u00e9tons du terrorisme est qu\u2019il a un visage humain. Quel est ce visage ? C\u2019est celui de la victime.<\/p>\n<\/blockquote>\n<div class=\"video-thumb\" style=\"background-image: url(https:\/\/img.youtube.com\/vi\/ckIHaCP7qU4\/0.jpg);\"><a class=\"venobox video-img-link\" data-type=\"youtube\" href=\"https:\/\/youtu.be\/ckIHaCP7qU4\"><i class=\"fa fa-play-circle-o\"><\/i><\/a><\/div>\n<p style=\"text-align: right;padding: 40px 0 60px 0;\"><a class=\"button small\" style=\"background: #1abc9c !important;\" href=\"https:\/\/www.worldpolicyconference.com\/wp-content\/uploads\/2016-proceedings-pdf\/fr\/6.session11_khan_vf.pdf\" target=\"_blank\"><i class=\"fa fa-book\" style=\"font-size: 14px; color: #fff\"><\/i> Lire le texte int\u00e9gral<\/a><\/p>\n<h2 style=\"clear: both;\">D\u00e9bat des pan\u00e9listes <\/h2>\n<div class=\"video-thumb\" style=\"background-image: url(https:\/\/img.youtube.com\/vi\/b59HpqWS9cA\/0.jpg);\"><a class=\"venobox video-img-link\" data-type=\"youtube\" href=\"https:\/\/youtu.be\/b59HpqWS9cA\"><i class=\"fa fa-play-circle-o\"><\/i><\/a><\/div>\n<p style=\"text-align: right;padding: 40px 0 60px 0;\"><a class=\"button small\" style=\"background: #1abc9c !important;\" href=\"https:\/\/www.worldpolicyconference.com\/wp-content\/uploads\/2016-proceedings-pdf\/fr\/7.session11_debat-panelistes_vf.pdf\" target=\"_blank\"><i class=\"fa fa-book\" style=\"font-size: 14px; color: #fff\"><\/i> Lire le texte int\u00e9gral<\/a><\/p>\n<h2 style=\"clear: both;\">D\u00e9bat<\/h2>\n<div class=\"video-thumb\" style=\"background-image: url(https:\/\/img.youtube.com\/vi\/36U5biyDs1o\/0.jpg);\"><a class=\"venobox video-img-link\" data-type=\"youtube\" href=\"https:\/\/youtu.be\/36U5biyDs1o\"><i class=\"fa fa-play-circle-o\"><\/i><\/a><\/div>\n<p style=\"text-align: right;padding: 40px 0 60px 0;\"><a class=\"button small\" style=\"background: #1abc9c !important;\" href=\"https:\/\/www.worldpolicyconference.com\/wp-content\/uploads\/2016-proceedings-pdf\/fr\/8.session11_debat_vf.pdf\" target=\"_blank\"><i class=\"fa fa-book\" style=\"font-size: 14px; color: #fff\"><\/i> Lire le texte int\u00e9gral<\/a><\/p>\n<\/div><\/div>\n<div class=\"vertical-tab\"><div class=\"vertical-tab-link\"><a href=\"#lun-21-nov-19\">18:30 \u2013 19:30<br \/>Session pl\u00e9ni\u00e8re 12<\/a><\/div><div id=\"lun-21-nov-19\" class=\"vertical-tab-content\">\n<h1 style=\"margin-bottom: 10px;\" class=\"text-right\">18:30 \u2013 19:30 |\u00a0Session pl\u00e9ni\u00e8re 12<\/h1>\n<h1 style=\"margin-bottom: 25px;\" class=\"text-right\">La stabilit\u00e9 politique et \u00e9conomique en Asie de l\u2019Est<\/h1>\n<h2 style=\"clear: both;\">Richard Cooper<\/h2>\n<p><strong>Professeur d\u2019e\u0301conomie internationale a\u0300 l\u2019Universite\u0301 de Harvard<\/strong><\/p>\n<div class=\"video-thumb\" style=\"background-image: url(https:\/\/img.youtube.com\/vi\/OFIAZgNSXZk\/0.jpg);\"><a class=\"venobox video-img-link\" data-type=\"youtube\" href=\"https:\/\/youtu.be\/OFIAZgNSXZk\"><i class=\"fa fa-play-circle-o\"><\/i><\/a><\/div>\n<p style=\"text-align: right;padding: 40px 0 60px 0;\"><a class=\"button small\" style=\"background: #1abc9c !important;\" href=\"https:\/\/www.worldpolicyconference.com\/wp-content\/uploads\/2016-proceedings-pdf\/fr\/1.session12_intro_cooper_vf.pdf\" target=\"_blank\"><i class=\"fa fa-book\" style=\"font-size: 14px; color: #fff\"><\/i> Lire le texte int\u00e9gral<\/a><\/p>\n<h2 style=\"clear: both;\">Ichiro Fujisaki<\/h2>\n<p><strong>Ancien ambassadeur du Japon aux E\u0301tats-Unis<\/strong><\/p>\n<blockquote>\n<p style=\"font-weight: 100;\">Le Japon est d\u00e9sormais consid\u00e9r\u00e9 comme \u00e9tant l\u2019un des pays apportant la stabilit\u00e9 \u00e0 la r\u00e9gion. Cela est d\u00fb au changement drastique de nos relations avec les pays qui nous entourent.<\/p>\n<\/blockquote>\n<div class=\"video-thumb\" style=\"background-image: url(https:\/\/img.youtube.com\/vi\/bLSgQaIRjbw\/0.jpg);\"><a class=\"venobox video-img-link\" data-type=\"youtube\" href=\"https:\/\/youtu.be\/bLSgQaIRjbw\"><i class=\"fa fa-play-circle-o\"><\/i><\/a><\/div>\n<p style=\"text-align: right;padding: 40px 0 60px 0;\"><a class=\"button small\" style=\"background: #1abc9c !important;\" href=\"https:\/\/www.worldpolicyconference.com\/wp-content\/uploads\/2016-proceedings-pdf\/fr\/2.session12_fujisaki_vf.pdf\" target=\"_blank\"><i class=\"fa fa-book\" style=\"font-size: 14px; color: #fff\"><\/i> Lire le texte int\u00e9gral<\/a><\/p>\n<h2 style=\"clear: both;\">Jia Qingguo<\/h2>\n<p><strong>Doyen de l\u2019E\u0301cole des e\u0301tudes internationales de l\u2019Universite\u0301 de Pe\u0301kin<\/strong><\/p>\n<blockquote>\n<p style=\"font-weight: 100;\">L\u2019un des points probl\u00e9matiques est le d\u00e9veloppement nucl\u00e9aire de la Cor\u00e9e du Nord. Ce d\u00e9fi arrive \u00e0 un seuil.<\/p>\n<\/blockquote>\n<div class=\"video-thumb\" style=\"background-image: url(https:\/\/img.youtube.com\/vi\/pvl-rmktRAg\/0.jpg);\"><a class=\"venobox video-img-link\" data-type=\"youtube\" href=\"https:\/\/youtu.be\/pvl-rmktRAg\"><i class=\"fa fa-play-circle-o\"><\/i><\/a><\/div>\n<p style=\"text-align: right;padding: 40px 0 60px 0;\"><a class=\"button small\" style=\"background: #1abc9c !important;\" href=\"https:\/\/www.worldpolicyconference.com\/wp-content\/uploads\/2016-proceedings-pdf\/fr\/3.session12_jia_vf.pdf\" target=\"_blank\"><i class=\"fa fa-book\" style=\"font-size: 14px; color: #fff\"><\/i> Lire le texte int\u00e9gral<\/a><\/p>\n<h2 style=\"clear: both;\">Ju Chul-Ki<\/h2>\n<p><strong>Ancien secre\u0301taire principal aux Affaires e\u0301trange\u0300res et a\u0300 la se\u0301curite\u0301 nationale aupre\u0300s du pre\u0301sident de la Re\u0301publique de Core\u0301e<\/strong><\/p>\n<blockquote>\n<p style=\"font-weight: 100;\">Il y a toujours des sources d&rsquo;instabilit\u00e9 en Asie de l&rsquo;Est qui emp\u00eachent cette r\u00e9gion de poursuivre sa belle progression.<\/p>\n<\/blockquote>\n<div class=\"video-thumb\" style=\"background-image: url(https:\/\/img.youtube.com\/vi\/mI74lW7ZG3U\/0.jpg);\"><a class=\"venobox video-img-link\" data-type=\"youtube\" href=\"https:\/\/youtu.be\/mI74lW7ZG3U\"><i class=\"fa fa-play-circle-o\"><\/i><\/a><\/div>\n<p style=\"text-align: right;padding: 40px 0 60px 0;\"><a class=\"button small\" style=\"background: #1abc9c !important;\" href=\"https:\/\/www.worldpolicyconference.com\/wp-content\/uploads\/2016-proceedings-pdf\/fr\/4.session12_chulki_vf.pdf\" target=\"_blank\"><i class=\"fa fa-book\" style=\"font-size: 14px; color: #fff\"><\/i> Lire le texte int\u00e9gral<\/a><\/p>\n<h2 style=\"clear: both;\">D\u00e9bat<\/h2>\n<div class=\"video-thumb\" style=\"background-image: url(https:\/\/img.youtube.com\/vi\/RumOnokDIyc\/0.jpg);\"><a class=\"venobox video-img-link\" data-type=\"youtube\" href=\"https:\/\/youtu.be\/RumOnokDIyc\"><i class=\"fa fa-play-circle-o\"><\/i><\/a><\/div>\n<p style=\"text-align: right;padding: 40px 0 60px 0;\"><a class=\"button small\" style=\"background: #1abc9c !important;\" href=\"https:\/\/www.worldpolicyconference.com\/wp-content\/uploads\/2016-proceedings-pdf\/fr\/5.session12_debat_vf.pdf\" target=\"_blank\"><i class=\"fa fa-book\" style=\"font-size: 14px; color: #fff\"><\/i> Lire le texte int\u00e9gral<\/a><\/p>\n<\/div><\/div>\n<div class=\"vertical-tab\"><div class=\"vertical-tab-link\"><a href=\"#lun-21-nov-20\">20:00 \u2013 20:30<br \/>Cocktail<\/a><\/div><div id=\"lun-21-nov-20\" class=\"vertical-tab-content\">\n<h1 style=\"margin-bottom: 25px;\" class=\"text-right\">20:00 \u2013 20:30 |\u00a0Cocktail<\/h1>\n<\/div><\/div>\n<div class=\"vertical-tab\"><div class=\"vertical-tab-link\"><a href=\"#lun-21-nov-21\">20:30<br \/>D\u00eener officiel<\/a><\/div><div id=\"lun-21-nov-21\" class=\"vertical-tab-content\">\n<h1 style=\"margin-bottom: 25px;\" class=\"text-right\">20:30 |\u00a0D\u00eener officiel<\/h1>\n<h2 style=\"clear: both;\">Thierry de Montbrial<\/h2>\n<p><strong>Pre\u0301sident et fondateur de la World Policy Conference<\/strong><\/p>\n<div class=\"video-thumb\" style=\"background-image: url(https:\/\/img.youtube.com\/vi\/ul7DJFETL-Q\/0.jpg);\"><a class=\"venobox video-img-link\" data-type=\"youtube\" href=\"https:\/\/youtu.be\/ul7DJFETL-Q\"><i class=\"fa fa-play-circle-o\"><\/i><\/a><\/div>\n<h2 style=\"clear: both;\">Soltan bin Saad Al-Muraikhi<\/h2>\n<p><strong>Secre\u0301taire d\u2019E\u0301tat aux Affaires e\u0301trange\u0300res, Qatar<\/strong><\/p>\n<blockquote>\n<p style=\"font-weight: 100;\">L&rsquo;\u00c9tat du Qatar a jou\u00e9 un r\u00f4le fondamental dans la m\u00e9diation des accords de paix concernant des conflits dans plusieurs parties du monde.<\/p>\n<\/blockquote>\n<div class=\"video-thumb\" style=\"background-image: url(https:\/\/img.youtube.com\/vi\/xZgA8NW2-d8\/0.jpg);\"><a class=\"venobox video-img-link\" data-type=\"youtube\" href=\"https:\/\/youtu.be\/xZgA8NW2-d8\"><i class=\"fa fa-play-circle-o\"><\/i><\/a><\/div>\n<p style=\"text-align: right;padding: 40px 0 60px 0;\"><a class=\"button small\" style=\"background: #1abc9c !important;\" href=\"https:\/\/www.worldpolicyconference.com\/wp-content\/uploads\/2016-proceedings-pdf\/fr\/1.diner2_muraikhi_vf.pdf\" target=\"_blank\"><i class=\"fa fa-book\" style=\"font-size: 14px; color: #fff\"><\/i> Lire le texte int\u00e9gral<\/a><\/p>\n<\/div><\/div>\n<\/div><\/div>\n<div class=\"tab-pane fade\" in\" id=\"mar-22-nov\">\n<div class=\"vertical-tabs-container\">\n<div class=\"vertical-tab\"><div class=\"vertical-tab-link\"><a href=\"#mar-22-nov-22\">08:45 \u2013 10:00<br \/>Session pl\u00e9ni\u00e8re 13<\/a><\/div><div id=\"mar-22-nov-22\" class=\"vertical-tab-content\">\n<h1 style=\"margin-bottom: 10px;\" class=\"text-right\">08:45 \u2013 10:00 |\u00a0Session pl\u00e9ni\u00e8re 13<\/h1>\n<h1 style=\"margin-bottom: 25px;\" class=\"text-right\">Les principaux d\u00e9fis de l\u2019\u00e9conomie mondiale<\/h1>\n<h2 style=\"clear: both;\">Virginie Robert<\/h2>\n<p><strong>Chef du service international, Les Echos<\/strong><\/p>\n<div class=\"video-thumb\" style=\"background-image: url(https:\/\/img.youtube.com\/vi\/PX_pRK29QNg\/0.jpg);\"><a class=\"venobox video-img-link\" data-type=\"youtube\" href=\"https:\/\/youtu.be\/PX_pRK29QNg\"><i class=\"fa fa-play-circle-o\"><\/i><\/a><\/div>\n<p style=\"text-align: right;padding: 40px 0 60px 0;\"><a class=\"button small\" style=\"background: #1abc9c !important;\" href=\"https:\/\/www.worldpolicyconference.com\/wp-content\/uploads\/2016-proceedings-pdf\/fr\/1.session13_robert_vf.pdf\" target=\"_blank\"><i class=\"fa fa-book\" style=\"font-size: 14px; color: #fff\"><\/i> Lire le texte int\u00e9gral<\/a><\/p>\n<h2 style=\"clear: both;\">D\u00e9bat des pan\u00e9listes<\/h2>\n<blockquote>\n<p style=\"font-weight: 100;\">Maurice Obstfeld a dit que de remonter les horloges en termes d\u2019\u00e9changes ne pouvait qu\u2019aggraver et prolonger le marasme dans lequel se trouve actuellement l\u2019\u00e9conomie mondiale, et pourtant nous voyons de moins en moins de soutien aux accords commerciaux aux \u00c9tats-Unis et en Europe. <\/p>\n<\/blockquote>\n<div class=\"video-thumb\" style=\"background-image: url(https:\/\/img.youtube.com\/vi\/PeBx4QXPfRw\/0.jpg);\"><a class=\"venobox video-img-link\" data-type=\"youtube\" href=\"https:\/\/youtu.be\/PeBx4QXPfRw\"><i class=\"fa fa-play-circle-o\"><\/i><\/a><\/div>\n<p style=\"text-align: right;padding: 40px 0 60px 0;\"><a class=\"button small\" style=\"background: #1abc9c !important;\" href=\"https:\/\/www.worldpolicyconference.com\/wp-content\/uploads\/2016-proceedings-pdf\/fr\/2.session13_debat-panelistes_vf.pdf\" target=\"_blank\"><i class=\"fa fa-book\" style=\"font-size: 14px; color: #fff\"><\/i> Lire le texte int\u00e9gral<\/a><\/p>\n<h2 style=\"clear: both;\">D\u00e9bat<\/h2>\n<blockquote>\n<p style=\"font-weight: 100;\">Les \u00c9tats-Unis ne peuvent pas \u00eatre isol\u00e9s de l\u2019\u00e9conomie mondiale, donc quelle alternative peut-on avoir ?<\/p>\n<\/blockquote>\n<div class=\"video-thumb\" style=\"background-image: url(https:\/\/img.youtube.com\/vi\/xF8_jzC0zGo\/0.jpg);\"><a class=\"venobox video-img-link\" data-type=\"youtube\" href=\"https:\/\/youtu.be\/xF8_jzC0zGo\"><i class=\"fa fa-play-circle-o\"><\/i><\/a><\/div>\n<p style=\"text-align: right;padding: 40px 0 60px 0;\"><a class=\"button small\" style=\"background: #1abc9c !important;\" href=\"https:\/\/www.worldpolicyconference.com\/wp-content\/uploads\/2016-proceedings-pdf\/fr\/3.session13_debat_vf.pdf\" target=\"_blank\"><i class=\"fa fa-book\" style=\"font-size: 14px; color: #fff\"><\/i> Lire le texte int\u00e9gral<\/a><\/p>\n<\/div><\/div>\n<div class=\"vertical-tab\"><div class=\"vertical-tab-link\"><a href=\"#mar-22-nov-23\">10:00 \u2013 11:15 <br \/>Session pl\u00e9ni\u00e8re 14<\/a><\/div><div id=\"mar-22-nov-23\" class=\"vertical-tab-content\">\n<h1 style=\"margin-bottom: 10px;\" class=\"text-right\">10:00 \u2013 11:15  |\u00a0Session pl\u00e9ni\u00e8re 14<\/h1>\n<h1 style=\"margin-bottom: 25px;\" class=\"text-right\">Le r\u00f4le des hydrocarbures dans le paysage g\u00e9opolitique r\u00e9gional<\/h1>\n<h2 style=\"clear: both;\">Steven Erlanger<\/h2>\n<p><strong>Directeur du bureau londonien du New York Times<\/strong><\/p>\n<div class=\"video-thumb\" style=\"background-image: url(https:\/\/img.youtube.com\/vi\/e-u8L7-bNyg\/0.jpg);\"><a class=\"venobox video-img-link\" data-type=\"youtube\" href=\"https:\/\/youtu.be\/e-u8L7-bNyg\"><i class=\"fa fa-play-circle-o\"><\/i><\/a><\/div>\n<p style=\"text-align: right;padding: 40px 0 60px 0;\"><a class=\"button small\" style=\"background: #1abc9c !important;\" href=\"https:\/\/www.worldpolicyconference.com\/wp-content\/uploads\/2016-proceedings-pdf\/fr\/1.session14_erlanger_vf.pdf\" target=\"_blank\"><i class=\"fa fa-book\" style=\"font-size: 14px; color: #fff\"><\/i> Lire le texte int\u00e9gral<\/a><\/p>\n<h2 style=\"clear: both;\">D\u00e9bat des pan\u00e9listes<\/h2>\n<blockquote>\n<p style=\"font-weight: 100;\">Les hydrocarbures sont tr\u00e8s importants pour cette r\u00e9gion, et le resteront pendant des d\u00e9cennies pour de nombreuses raisons. <\/p>\n<\/blockquote>\n<div class=\"video-thumb\" style=\"background-image: url(https:\/\/img.youtube.com\/vi\/s1L0lp7Ws-0\/0.jpg);\"><a class=\"venobox video-img-link\" data-type=\"youtube\" href=\"https:\/\/youtu.be\/s1L0lp7Ws-0\"><i class=\"fa fa-play-circle-o\"><\/i><\/a><\/div>\n<p style=\"text-align: right;padding: 40px 0 60px 0;\"><a class=\"button small\" style=\"background: #1abc9c !important;\" href=\"https:\/\/www.worldpolicyconference.com\/wp-content\/uploads\/2016-proceedings-pdf\/fr\/2.session14_debat-panelistes_vf.pdf\" target=\"_blank\"><i class=\"fa fa-book\" style=\"font-size: 14px; color: #fff\"><\/i> Lire le texte int\u00e9gral<\/a><\/p>\n<\/div><\/div>\n<div class=\"vertical-tab\"><div class=\"vertical-tab-link\"><a href=\"#mar-22-nov-24\">11:15 \u2013 11:45 <br \/>Pause caf\u00e9<\/a><\/div><div id=\"mar-22-nov-24\" class=\"vertical-tab-content\">\n<h1 style=\"margin-bottom: 25px;\" class=\"text-right\">11:15 \u2013 11:45  |\u00a0Pause caf\u00e9<\/h1>\n<\/div><\/div>\n<div class=\"vertical-tab\"><div class=\"vertical-tab-link\"><a href=\"#mar-22-nov-25\">11:45 \u2013 12:30 <br \/>Compte rendu des ateliers parall\u00e8les<\/a><\/div><div id=\"mar-22-nov-25\" class=\"vertical-tab-content\">\n<h1 style=\"margin-bottom: 25px;\" class=\"text-right\">11:45 \u2013 12:30  |\u00a0Compte rendu des ateliers parall\u00e8les<\/h1>\n<div class=\"well\">\n<h1 class=\"lead text-center\"><strong>Atelier n\u00b01 &#8211; Atelier n\u00b01<\/strong><\/h1>\n<h2 style=\"clear: both;\">Jean-Claude Trichet<\/h2>\n<p><strong>Ancien pre\u0301sident de la Banque centrale europe\u0301enne<\/strong><\/p>\n<blockquote>\n<p style=\"font-weight: 100;\">Le faible niveau d\u2019investissement a souvent \u00e9t\u00e9 cit\u00e9 comme l\u2019une des causes d\u2019une croissance si m\u00e9diocre. Ce niveau anormal d\u2019investissement n\u2019ouvre pas la voie \u00e0 la croissance ni aux programmes de productivit\u00e9 du travail, car le stock de capital n\u2019est pas au niveau o\u00f9 il devrait \u00eatre.<\/p>\n<\/blockquote>\n<div class=\"video-thumb\" style=\"background-image: url(https:\/\/img.youtube.com\/vi\/07_tRkXlNB8\/0.jpg);\"><a class=\"venobox video-img-link\" data-type=\"youtube\" href=\"https:\/\/youtu.be\/07_tRkXlNB8\"><i class=\"fa fa-play-circle-o\"><\/i><\/a><\/div>\n<p style=\"text-align: right;padding: 40px 0 60px 0;\"><a class=\"button small\" style=\"background: #1abc9c !important;\" href=\"https:\/\/www.worldpolicyconference.com\/wp-content\/uploads\/2016-proceedings-pdf\/fr\/1.rapport1_trichet_vf.pdf\" target=\"_blank\"><i class=\"fa fa-book\" style=\"font-size: 14px; color: #fff\"><\/i> Lire le texte int\u00e9gral<\/a><\/p>\n<\/div>\n<div class=\"well\">\n<h1 class=\"lead text-center\"><strong>Atelier n\u00b02 &#8211; Atelier n\u00b02<\/strong><\/h1>\n<h2 style=\"clear: both;\">Marie-Claire Aoun<\/h2>\n<p><strong>Directrice du centre Energie de l\u2019Ifri<\/strong><\/p>\n<blockquote>\n<p style=\"font-weight: 100;\">Alors que les menaces de pic d\u2019offre de p\u00e9trole dominaient les d\u00e9bats il y a 10 ans, aujourd\u2019hui, nous parlons davantage d\u2019un pic de demande de p\u00e9trole qui r\u00e9sultera probablement des politiques de transition \u00e9nerg\u00e9tique.<\/p>\n<\/blockquote>\n<div class=\"video-thumb\" style=\"background-image: url(https:\/\/img.youtube.com\/vi\/NWSAojNOOXk\/0.jpg);\"><a class=\"venobox video-img-link\" data-type=\"youtube\" href=\"https:\/\/youtu.be\/NWSAojNOOXk\"><i class=\"fa fa-play-circle-o\"><\/i><\/a><\/div>\n<p style=\"text-align: right;padding: 40px 0 60px 0;\"><a class=\"button small\" style=\"background: #1abc9c !important;\" href=\"https:\/\/www.worldpolicyconference.com\/wp-content\/uploads\/2016-proceedings-pdf\/fr\/1.rapport2_aoun_vf.pdf\" target=\"_blank\"><i class=\"fa fa-book\" style=\"font-size: 14px; color: #fff\"><\/i> Lire le texte int\u00e9gral<\/a><\/p>\n<\/div>\n<div class=\"well\">\n<h1 class=\"lead text-center\"><strong>Atelier n\u00b03 &#8211; Atelier n\u00b03 <\/strong><\/h1>\n<h2 style=\"clear: both;\">In-kook Park<\/h2>\n<p><strong>Pre\u0301sident de la Korea Foundation for Advanced Studies<\/strong><\/p>\n<blockquote>\n<p style=\"font-weight: 100;\">La transition structurelle de l\u2019\u00e9conomie chinoise a d\u00e9j\u00e0 commenc\u00e9 \u00e0 se manifester, passant d\u2019une \u00e9conomie fond\u00e9e sur les exportations \u00e0 une \u00e9conomie reposant sur la consommation int\u00e9rieure.<\/p>\n<\/blockquote>\n<div class=\"video-thumb\" style=\"background-image: url(https:\/\/img.youtube.com\/vi\/n4Jyr21esJ8\/0.jpg);\"><a class=\"venobox video-img-link\" data-type=\"youtube\" href=\"https:\/\/youtu.be\/n4Jyr21esJ8\"><i class=\"fa fa-play-circle-o\"><\/i><\/a><\/div>\n<p style=\"text-align: right;padding: 40px 0 60px 0;\"><a class=\"button small\" style=\"background: #1abc9c !important;\" href=\"https:\/\/www.worldpolicyconference.com\/wp-content\/uploads\/2016-proceedings-pdf\/fr\/1.rapport3_park_vf.pdf\" target=\"_blank\"><i class=\"fa fa-book\" style=\"font-size: 14px; color: #fff\"><\/i> Lire le texte int\u00e9gral<\/a><\/p>\n<\/div>\n<\/div><\/div>\n<div class=\"vertical-tab\"><div class=\"vertical-tab-link\"><a href=\"#mar-22-nov-26\">12:30 \u2013 13:00 <br \/>Session pl\u00e9ni\u00e8re 15<\/a><\/div><div id=\"mar-22-nov-26\" class=\"vertical-tab-content\">\n<h1 style=\"margin-bottom: 10px;\" class=\"text-right\">12:30 \u2013 13:00  |\u00a0Session pl\u00e9ni\u00e8re 15<\/h1>\n<h1 style=\"margin-bottom: 25px;\" class=\"text-right\">L\u2019Education et le r\u00f4le des femmes<\/h1>\n<h2 style=\"clear: both;\">Mona Makram Ebeid<\/h2>\n<p><strong>Se\u0301natrice e\u0301gyptienne et ancienne de\u0301pute\u0301e<\/strong><\/p>\n<blockquote>\n<p style=\"font-weight: 100;\">Deux questions essentielles quant \u00e0 l\u2019\u00e9ducation et au r\u00f4le des femmes : l\u2019une a trait aux programmes \u00e9ducatifs phares dans le monde arabe, l\u2019autre au r\u00f4le des femmes en tant que ressource inutilis\u00e9e dans la lutte contre le terrorisme.<\/p>\n<\/blockquote>\n<div class=\"video-thumb\" style=\"background-image: url(https:\/\/img.youtube.com\/vi\/hAd82ndvpHs\/0.jpg);\"><a class=\"venobox video-img-link\" data-type=\"youtube\" href=\"https:\/\/youtu.be\/hAd82ndvpHs\"><i class=\"fa fa-play-circle-o\"><\/i><\/a><\/div>\n<p style=\"text-align: right;padding: 40px 0 60px 0;\"><a class=\"button small\" style=\"background: #1abc9c !important;\" href=\"https:\/\/www.worldpolicyconference.com\/wp-content\/uploads\/2016-proceedings-pdf\/fr\/1.session15_ebeid_vf.pdf\" target=\"_blank\"><i class=\"fa fa-book\" style=\"font-size: 14px; color: #fff\"><\/i> Lire le texte int\u00e9gral<\/a><\/p>\n<h2 style=\"clear: both;\">Hamda Hassan Al-Sulaiti<\/h2>\n<p><strong>Secre\u0301taire ge\u0301ne\u0301rale, Commission nationale pour l\u2019E\u0301ducation, la Culture et les Sciences, Qatar<\/strong><\/p>\n<blockquote>\n<p style=\"font-weight: 100;\">Le nombre de femmes qataries inscrites \u00e0 l\u2019universit\u00e9 a d\u00e9pass\u00e9 le nombre d\u2019hommes de fa\u00e7on constante depuis plusieurs ann\u00e9es, arrivant \u00e0 un nombre deux fois sup\u00e9rieur dans l\u2019\u00e9ducation sup\u00e9rieure. <\/p>\n<\/blockquote>\n<div class=\"video-thumb\" style=\"background-image: url(https:\/\/img.youtube.com\/vi\/0vzbkURsnRs\/0.jpg);\"><a class=\"venobox video-img-link\" data-type=\"youtube\" href=\"https:\/\/youtu.be\/0vzbkURsnRs\"><i class=\"fa fa-play-circle-o\"><\/i><\/a><\/div>\n<p style=\"text-align: right;padding: 40px 0 60px 0;\"><a class=\"button small\" style=\"background: #1abc9c !important;\" href=\"https:\/\/www.worldpolicyconference.com\/wp-content\/uploads\/2016-proceedings-pdf\/fr\/2.session15_sulaiti_vf.pdf\" target=\"_blank\"><i class=\"fa fa-book\" style=\"font-size: 14px; color: #fff\"><\/i> Lire le texte int\u00e9gral<\/a><\/p>\n<h2 style=\"clear: both;\">D\u00e9bat <\/h2>\n<div class=\"video-thumb\" style=\"background-image: url(https:\/\/img.youtube.com\/vi\/rxCHFfy9J4I\/0.jpg);\"><a class=\"venobox video-img-link\" data-type=\"youtube\" href=\"https:\/\/youtu.be\/rxCHFfy9J4I\"><i class=\"fa fa-play-circle-o\"><\/i><\/a><\/div>\n<p style=\"text-align: right;padding: 40px 0 60px 0;\"><a class=\"button small\" style=\"background: #1abc9c !important;\" href=\"https:\/\/www.worldpolicyconference.com\/wp-content\/uploads\/2016-proceedings-pdf\/fr\/3.session15_debat_vf.pdf\" target=\"_blank\"><i class=\"fa fa-book\" style=\"font-size: 14px; color: #fff\"><\/i> Lire le texte int\u00e9gral<\/a><\/p>\n<\/div><\/div>\n<div class=\"vertical-tab\"><div class=\"vertical-tab-link\"><a href=\"#mar-22-nov-27\">13:00 \u2013 14:30<br \/>D\u00e9jeuner<\/a><\/div><div id=\"mar-22-nov-27\" class=\"vertical-tab-content\">\n<h1 style=\"margin-bottom: 25px;\" class=\"text-right\">13:00 \u2013 14:30 |\u00a0D\u00e9jeuner<\/h1>\n<\/div><\/div>\n<div class=\"vertical-tab\"><div class=\"vertical-tab-link\"><a href=\"#mar-22-nov-28\">14:30 \u2013 15:45<br \/>Session pl\u00e9ni\u00e8re 16<\/a><\/div><div id=\"mar-22-nov-28\" class=\"vertical-tab-content\">\n<h1 style=\"margin-bottom: 10px;\" class=\"text-right\">14:30 \u2013 15:45 |\u00a0Session pl\u00e9ni\u00e8re 16<\/h1>\n<h1 style=\"margin-bottom: 25px;\" class=\"text-right\">Diversification, \u00e9ducation et emploi au Moyen-Orient<\/h1>\n<h2 style=\"clear: both;\">Mohamed Kabbaj<\/h2>\n<p><strong>Pre\u0301sident Lafarge Maroc, chancelier de l\u2019Universite\u0301 euro-me\u0301diterrane\u0301enne de Fe\u0300s<\/strong><\/p>\n<div class=\"video-thumb\" style=\"background-image: url(https:\/\/img.youtube.com\/vi\/eQW8-wj1ujk\/0.jpg);\"><a class=\"venobox video-img-link\" data-type=\"youtube\" href=\"https:\/\/youtu.be\/eQW8-wj1ujk\"><i class=\"fa fa-play-circle-o\"><\/i><\/a><\/div>\n<p style=\"text-align: right;padding: 40px 0 60px 0;\"><a class=\"button small\" style=\"background: #1abc9c !important;\" href=\"https:\/\/www.worldpolicyconference.com\/wp-content\/uploads\/2016-proceedings-pdf\/fr\/1.session16_intro_kabbaj_vf.pdf\" target=\"_blank\"><i class=\"fa fa-book\" style=\"font-size: 14px; color: #fff\"><\/i> Lire le texte int\u00e9gral<\/a><\/p>\n<h2 style=\"clear: both;\">Uri Dadush<\/h2>\n<p><strong>Senior Fellow, OCP Policy Center, chercheur non-re\u0301sident, Bruegel<\/strong><\/p>\n<blockquote>\n<p style=\"font-weight: 100;\">Si l\u2019on regarde \u00e0 l\u2019horizon des quelques prochaines ann\u00e9es, la d\u00e9mographie va aider \u00e0 r\u00e9soudre le probl\u00e8me du ch\u00f4mage, sans dire que tout ira bien, mais cela n\u2019ira pas aussi mal que par le pass\u00e9.<\/p>\n<\/blockquote>\n<div class=\"video-thumb\" style=\"background-image: url(https:\/\/img.youtube.com\/vi\/0T7mSz4Mrl0\/0.jpg);\"><a class=\"venobox video-img-link\" data-type=\"youtube\" href=\"https:\/\/youtu.be\/0T7mSz4Mrl0\"><i class=\"fa fa-play-circle-o\"><\/i><\/a><\/div>\n<p style=\"text-align: right;padding: 40px 0 60px 0;\"><a class=\"button small\" style=\"background: #1abc9c !important;\" href=\"https:\/\/www.worldpolicyconference.com\/wp-content\/uploads\/2016-proceedings-pdf\/fr\/2.session16_dadush_vf.pdf\" target=\"_blank\"><i class=\"fa fa-book\" style=\"font-size: 14px; color: #fff\"><\/i> Lire le texte int\u00e9gral<\/a><\/p>\n<h2 style=\"clear: both;\">Masood Ahmed<\/h2>\n<p><strong>Directeur du de\u0301partement Moyen-Orient et Asie centrale du FMI<\/strong><\/p>\n<blockquote>\n<p style=\"font-weight: 100;\">Les gouvernements du CCG ne vont plus avoir les ressources pour employer tous leurs ressortissants dans le gouvernement, ils doivent donc de plus en plus trouver un emploi dans le secteur priv\u00e9.<\/p>\n<\/blockquote>\n<div class=\"video-thumb\" style=\"background-image: url(https:\/\/img.youtube.com\/vi\/6VWvBX17dlc\/0.jpg);\"><a class=\"venobox video-img-link\" data-type=\"youtube\" href=\"https:\/\/youtu.be\/6VWvBX17dlc\"><i class=\"fa fa-play-circle-o\"><\/i><\/a><\/div>\n<p style=\"text-align: right;padding: 40px 0 60px 0;\"><a class=\"button small\" style=\"background: #1abc9c !important;\" href=\"https:\/\/www.worldpolicyconference.com\/wp-content\/uploads\/2016-proceedings-pdf\/fr\/3.session16_ahmed_vf.pdf\" target=\"_blank\"><i class=\"fa fa-book\" style=\"font-size: 14px; color: #fff\"><\/i> Lire le texte int\u00e9gral<\/a><\/p>\n<h2 style=\"clear: both;\">Mona Makram Ebeid<\/h2>\n<p><strong>Se\u0301natrice e\u0301gyptienne et ancienne de\u0301pute\u0301e<\/strong><\/p>\n<blockquote>\n<p style=\"font-weight: 100;\">C\u2019est tr\u00e8s simple, l\u2019\u00c9gypte ne pourra pas r\u00e9aliser son plein potentiel sans les femmes. Les grandes nations tirent leur force de l\u2019ensemble de leurs peuples. Exploiter cette force signifie tol\u00e9rer les diff\u00e9rences pacifiquement exprim\u00e9es.<\/p>\n<\/blockquote>\n<div class=\"video-thumb\" style=\"background-image: url(https:\/\/img.youtube.com\/vi\/kW-mlSrQafw\/0.jpg);\"><a class=\"venobox video-img-link\" data-type=\"youtube\" href=\"https:\/\/youtu.be\/kW-mlSrQafw\"><i class=\"fa fa-play-circle-o\"><\/i><\/a><\/div>\n<p style=\"text-align: right;padding: 40px 0 60px 0;\"><a class=\"button small\" style=\"background: #1abc9c !important;\" href=\"https:\/\/www.worldpolicyconference.com\/wp-content\/uploads\/2016-proceedings-pdf\/fr\/4.session16_ebeid_vf.pdf\" target=\"_blank\"><i class=\"fa fa-book\" style=\"font-size: 14px; color: #fff\"><\/i> Lire le texte int\u00e9gral<\/a><\/p>\n<h2 style=\"clear: both;\">Hassan Al-Derham<\/h2>\n<p><strong>Pre\u0301sident, Qatar University, Qatar<\/strong><\/p>\n<blockquote>\n<p style=\"font-weight: 100;\">Avec la d\u00e9couverte du p\u00e9trole et son exploitation, les gens ont pris la voie de la facilit\u00e9, c\u2019est-\u00e0-dire un chemin plus confortable. Cela implique une grande d\u00e9pendance \u00e0 l\u2019\u00e9gard des subventions de l\u2019\u00c9tat, des indemnit\u00e9s de l\u2019\u00c9tat ainsi que des emplois de l\u2019\u00c9tat. <\/p>\n<\/blockquote>\n<div class=\"video-thumb\" style=\"background-image: url(https:\/\/img.youtube.com\/vi\/4WU3LnXrsgk\/0.jpg);\"><a class=\"venobox video-img-link\" data-type=\"youtube\" href=\"https:\/\/youtu.be\/4WU3LnXrsgk\"><i class=\"fa fa-play-circle-o\"><\/i><\/a><\/div>\n<p style=\"text-align: right;padding: 40px 0 60px 0;\"><a class=\"button small\" style=\"background: #1abc9c !important;\" href=\"https:\/\/www.worldpolicyconference.com\/wp-content\/uploads\/2016-proceedings-pdf\/fr\/5.session16_derham_vf.pdf\" target=\"_blank\"><i class=\"fa fa-book\" style=\"font-size: 14px; color: #fff\"><\/i> Lire le texte int\u00e9gral<\/a><\/p>\n<h2 style=\"clear: both;\">D\u00e9bat <\/h2>\n<div class=\"video-thumb\" style=\"background-image: url(https:\/\/img.youtube.com\/vi\/aapk_F3hDnY\/0.jpg);\"><a class=\"venobox video-img-link\" data-type=\"youtube\" href=\"https:\/\/youtu.be\/aapk_F3hDnY\"><i class=\"fa fa-play-circle-o\"><\/i><\/a><\/div>\n<p style=\"text-align: right;padding: 40px 0 60px 0;\"><a class=\"button small\" style=\"background: #1abc9c !important;\" href=\"https:\/\/www.worldpolicyconference.com\/wp-content\/uploads\/2016-proceedings-pdf\/fr\/6.session16_debat_vf.pdf\" target=\"_blank\"><i class=\"fa fa-book\" style=\"font-size: 14px; color: #fff\"><\/i> Lire le texte int\u00e9gral<\/a><\/p>\n<\/div><\/div>\n<div class=\"vertical-tab\"><div class=\"vertical-tab-link\"><a href=\"#mar-22-nov-29\">15:45 \u2013 17:00<br \/>Session pl\u00e9ni\u00e8re 17<\/a><\/div><div id=\"mar-22-nov-29\" class=\"vertical-tab-content\">\n<h1 style=\"margin-bottom: 10px;\" class=\"text-right\">15:45 \u2013 17:00 |\u00a0Session pl\u00e9ni\u00e8re 17<\/h1>\n<h1 style=\"margin-bottom: 25px;\" class=\"text-right\">Session Young Leaders : Bouleversements, populismes et le monde de demain<\/h1>\n<h2 style=\"clear: both;\">Manuel Mu\u00f1iz<\/h2>\n<p><strong>Directeur du programme sur les relations transatlantiques au Weatherhead Center for International Affairs de l\u2019Universite\u0301 de Harvard<\/strong><\/p>\n<div class=\"video-thumb\" style=\"background-image: url(https:\/\/img.youtube.com\/vi\/UzPmTleESXI\/0.jpg);\"><a class=\"venobox video-img-link\" data-type=\"youtube\" href=\"https:\/\/youtu.be\/UzPmTleESXI\"><i class=\"fa fa-play-circle-o\"><\/i><\/a><\/div>\n<p style=\"text-align: right;padding: 40px 0 60px 0;\"><a class=\"button small\" style=\"background: #1abc9c !important;\" href=\"https:\/\/www.worldpolicyconference.com\/wp-content\/uploads\/2016-proceedings-pdf\/fr\/1.session17_intro_muniz_vf.pdf\" target=\"_blank\"><i class=\"fa fa-book\" style=\"font-size: 14px; color: #fff\"><\/i> Lire le texte int\u00e9gral<\/a><\/p>\n<h2 style=\"clear: both;\">Li Yi-Fan<\/h2>\n<p><strong>Pre\u0301sident-directeur ge\u0301ne\u0301ral, Hesai Photonics Technologies<\/strong><\/p>\n<blockquote>\n<p style=\"font-weight: 100;\">Dans ce monde qui \u00e9volue si vite, nous essayons de voir les choses dans une autre dimension, de sortir de la 2D pour la regarder sous un autre angle. Et cela conduit \u00e0 un r\u00e9sultat compl\u00e8tement diff\u00e9rent qui transforme forc\u00e9ment notre r\u00e9alit\u00e9.<\/p>\n<\/blockquote>\n<div class=\"video-thumb\" style=\"background-image: url(https:\/\/img.youtube.com\/vi\/YMoF0rkVp9g\/0.jpg);\"><a class=\"venobox video-img-link\" data-type=\"youtube\" href=\"https:\/\/youtu.be\/YMoF0rkVp9g\"><i class=\"fa fa-play-circle-o\"><\/i><\/a><\/div>\n<p style=\"text-align: right;padding: 40px 0 60px 0;\"><a class=\"button small\" style=\"background: #1abc9c !important;\" href=\"https:\/\/www.worldpolicyconference.com\/wp-content\/uploads\/2016-proceedings-pdf\/fr\/2.session17_liyifan_vf.pdf\" target=\"_blank\"><i class=\"fa fa-book\" style=\"font-size: 14px; color: #fff\"><\/i> Lire le texte int\u00e9gral<\/a><\/p>\n<h2 style=\"clear: both;\">Lionel Baraban<\/h2>\n<p><strong>Co-fondateur et pre\u0301sident-directeur ge\u0301ne\u0301ral, Famoco<\/strong><\/p>\n<blockquote>\n<p style=\"font-weight: 100;\">Le populisme est fondamentalement un manque de confiance, et dans le monde r\u00e9el, comme celui du num\u00e9rique, il faut apporter de la confiance.<\/p>\n<\/blockquote>\n<div class=\"video-thumb\" style=\"background-image: url(https:\/\/img.youtube.com\/vi\/YzNTt7OkLc4\/0.jpg);\"><a class=\"venobox video-img-link\" data-type=\"youtube\" href=\"https:\/\/youtu.be\/YzNTt7OkLc4\"><i class=\"fa fa-play-circle-o\"><\/i><\/a><\/div>\n<p style=\"text-align: right;padding: 40px 0 60px 0;\"><a class=\"button small\" style=\"background: #1abc9c !important;\" href=\"https:\/\/www.worldpolicyconference.com\/wp-content\/uploads\/2016-proceedings-pdf\/fr\/3.session17_baraban_vf.pdf\" target=\"_blank\"><i class=\"fa fa-book\" style=\"font-size: 14px; color: #fff\"><\/i> Lire le texte int\u00e9gral<\/a><\/p>\n<h2 style=\"clear: both;\">Caroline Goulard<\/h2>\n<p><strong>Co-fondatrice et PDG, Dataveyes<\/strong><\/p>\n<blockquote>\n<p style=\"font-weight: 100;\">Notre capacit\u00e9 \u00e0 mettre en place des technologies intelligentes d\u00e9passe de tr\u00e8s loin notre capacit\u00e9 \u00e0 comprendre comment fonctionnent les algorithmes qui les alimentent.<\/p>\n<\/blockquote>\n<div class=\"video-thumb\" style=\"background-image: url(https:\/\/img.youtube.com\/vi\/LOrtdoRw-os\/0.jpg);\"><a class=\"venobox video-img-link\" data-type=\"youtube\" href=\"https:\/\/youtu.be\/LOrtdoRw-os\"><i class=\"fa fa-play-circle-o\"><\/i><\/a><\/div>\n<p style=\"text-align: right;padding: 40px 0 60px 0;\"><a class=\"button small\" style=\"background: #1abc9c !important;\" href=\"https:\/\/www.worldpolicyconference.com\/wp-content\/uploads\/2016-proceedings-pdf\/fr\/4.session17_goulard_vf.pdf\" target=\"_blank\"><i class=\"fa fa-book\" style=\"font-size: 14px; color: #fff\"><\/i> Lire le texte int\u00e9gral<\/a><\/p>\n<h2 style=\"clear: both;\">Pierre Dubuc<\/h2>\n<p><strong>Co-fondateur, OpenClassrooms<\/strong><\/p>\n<blockquote>\n<p style=\"font-weight: 100;\">Il faut rapprocher bien davantage l&rsquo;enseignement et le monde du travail. Aujourd&rsquo;hui, les jeunes dipl\u00f4m\u00e9s ont beaucoup de mal \u00e0 trouver un emploi qui corresponde \u00e0 leurs comp\u00e9tences.<\/p>\n<\/blockquote>\n<div class=\"video-thumb\" style=\"background-image: url(https:\/\/img.youtube.com\/vi\/6utIqfET_YI\/0.jpg);\"><a class=\"venobox video-img-link\" data-type=\"youtube\" href=\"https:\/\/youtu.be\/6utIqfET_YI\"><i class=\"fa fa-play-circle-o\"><\/i><\/a><\/div>\n<p style=\"text-align: right;padding: 40px 0 60px 0;\"><a class=\"button small\" style=\"background: #1abc9c !important;\" href=\"https:\/\/www.worldpolicyconference.com\/wp-content\/uploads\/2016-proceedings-pdf\/fr\/5.session17_dubuc_vf.pdf\" target=\"_blank\"><i class=\"fa fa-book\" style=\"font-size: 14px; color: #fff\"><\/i> Lire le texte int\u00e9gral<\/a><\/p>\n<h2 style=\"clear: both;\">Essa Al-Mannai<\/h2>\n<p><strong>Directeur exe\u0301cutif, Reach Out To Asia, Qatar Foundatin, Qatar<\/strong><\/p>\n<blockquote>\n<p style=\"font-weight: 100;\">La jeunesse souhaite ne pas \u00eatre seulement assise \u00e0 la table pour recevoir le travail humanitaire, mais elle veut \u00eatre un acteur engag\u00e9 et responsable du processus m\u00eame.<\/p>\n<\/blockquote>\n<div class=\"video-thumb\" style=\"background-image: url(https:\/\/img.youtube.com\/vi\/Bwap5e6vXEI\/0.jpg);\"><a class=\"venobox video-img-link\" data-type=\"youtube\" href=\"https:\/\/youtu.be\/Bwap5e6vXEI\"><i class=\"fa fa-play-circle-o\"><\/i><\/a><\/div>\n<p style=\"text-align: right;padding: 40px 0 60px 0;\"><a class=\"button small\" style=\"background: #1abc9c !important;\" href=\"https:\/\/www.worldpolicyconference.com\/wp-content\/uploads\/2016-proceedings-pdf\/fr\/6.session17_almannai_vf.pdf\" target=\"_blank\"><i class=\"fa fa-book\" style=\"font-size: 14px; color: #fff\"><\/i> Lire le texte int\u00e9gral<\/a><\/p>\n<h2 style=\"clear: both;\">D\u00e9bat<\/h2>\n<div class=\"video-thumb\" style=\"background-image: url(https:\/\/img.youtube.com\/vi\/6WB6x5V3_W0\/0.jpg);\"><a class=\"venobox video-img-link\" data-type=\"youtube\" href=\"https:\/\/youtu.be\/6WB6x5V3_W0\"><i class=\"fa fa-play-circle-o\"><\/i><\/a><\/div>\n<p style=\"text-align: right;padding: 40px 0 60px 0;\"><a class=\"button small\" style=\"background: #1abc9c !important;\" href=\"https:\/\/www.worldpolicyconference.com\/wp-content\/uploads\/2016-proceedings-pdf\/fr\/7.session17_debat_vf.pdf\" target=\"_blank\"><i class=\"fa fa-book\" style=\"font-size: 14px; color: #fff\"><\/i> Lire le texte int\u00e9gral<\/a><\/p>\n<\/div><\/div>\n<div class=\"vertical-tab\"><div class=\"vertical-tab-link\"><a href=\"#mar-22-nov-30\">17:00 \u2013 17:30<br \/>Pause caf\u00e9<\/a><\/div><div id=\"mar-22-nov-30\" class=\"vertical-tab-content\">\n<h1 style=\"margin-bottom: 25px;\" class=\"text-right\">17:00 \u2013 17:30 |\u00a0Pause caf\u00e9<\/h1>\n<\/div><\/div>\n<div class=\"vertical-tab\"><div class=\"vertical-tab-link\"><a href=\"#mar-22-nov-31\">17:30\u2013 19:30 <br \/>Session pl\u00e9ni\u00e8re 18<\/a><\/div><div id=\"mar-22-nov-31\" class=\"vertical-tab-content\">\n<h1 style=\"margin-bottom: 10px;\" class=\"text-right\">17:30\u2013 19:30  |\u00a0Session pl\u00e9ni\u00e8re 18<\/h1>\n<h1 style=\"margin-bottom: 25px;\" class=\"text-right\">Final Debate<\/h1>\n<h2 style=\"clear: both;\">Bertrand Collomb<\/h2>\n<p><strong>Pre\u0301sident d\u2019honneur de Lafarge, membre du conseil d\u2019administration de LafargeHolcim<\/strong><\/p>\n<div class=\"video-thumb\" style=\"background-image: url(https:\/\/img.youtube.com\/vi\/-FjRarQ7szQ\/0.jpg);\"><a class=\"venobox video-img-link\" data-type=\"youtube\" href=\"https:\/\/youtu.be\/-FjRarQ7szQ\"><i class=\"fa fa-play-circle-o\"><\/i><\/a><\/div>\n<p style=\"text-align: right;padding: 40px 0 60px 0;\"><a class=\"button small\" style=\"background: #1abc9c !important;\" href=\"https:\/\/www.worldpolicyconference.com\/wp-content\/uploads\/2016-proceedings-pdf\/fr\/1.session18_intro_collomb_vf.pdf\" target=\"_blank\"><i class=\"fa fa-book\" style=\"font-size: 14px; color: #fff\"><\/i> Lire le texte int\u00e9gral<\/a><\/p>\n<h2 style=\"clear: both;\">Hubert V\u00e9drine<\/h2>\n<p><strong>Ancien ministre des Affaires e\u0301trange\u0300res, France<\/strong><\/p>\n<blockquote>\n<p style=\"font-weight: 100;\">Les \u00e9v\u00e8nements actuels ne sont pas tellement la remise en cause d\u2019un ordre mondial que [celle] d\u2019esp\u00e9rances ou d\u2019illusions des occidentaux et de l\u2019ensemble des \u00e9lites mondialis\u00e9es.<\/p>\n<\/blockquote>\n<div class=\"video-thumb\" style=\"background-image: url(https:\/\/img.youtube.com\/vi\/md6JU7Re6QU\/0.jpg);\"><a class=\"venobox video-img-link\" data-type=\"youtube\" href=\"https:\/\/youtu.be\/md6JU7Re6QU\"><i class=\"fa fa-play-circle-o\"><\/i><\/a><\/div>\n<p style=\"text-align: right;padding: 40px 0 60px 0;\"><a class=\"button small\" style=\"background: #1abc9c !important;\" href=\"https:\/\/www.worldpolicyconference.com\/wp-content\/uploads\/2016-proceedings-pdf\/fr\/2.session18_vedrine_vf.pdf\" target=\"_blank\"><i class=\"fa fa-book\" style=\"font-size: 14px; color: #fff\"><\/i> Lire le texte int\u00e9gral<\/a><\/p>\n<h2 style=\"clear: both;\">Renaud Girard<\/h2>\n<p><strong>Grand reporter et correspondant de guerre, Le Figaro<\/strong><\/p>\n<blockquote>\n<p style=\"font-weight: 100;\">Par leur \u00e9ducation, par l\u2019environnement philosophique dans lequel ils baignent, les leaders occidentaux ne devraient th\u00e9oriquement prendre que des d\u00e9cisions \u00e0 la fois r\u00e9fl\u00e9chies et rationnelles. Ce n\u2019est pas le cas.<\/p>\n<\/blockquote>\n<div class=\"video-thumb\" style=\"background-image: url(https:\/\/img.youtube.com\/vi\/UqwcaPZwnpE\/0.jpg);\"><a class=\"venobox video-img-link\" data-type=\"youtube\" href=\"https:\/\/youtu.be\/UqwcaPZwnpE\"><i class=\"fa fa-play-circle-o\"><\/i><\/a><\/div>\n<p style=\"text-align: right;padding: 40px 0 60px 0;\"><a class=\"button small\" style=\"background: #1abc9c !important;\" href=\"https:\/\/www.worldpolicyconference.com\/wp-content\/uploads\/2016-proceedings-pdf\/fr\/3.session18_girard_vf.pdf\" target=\"_blank\"><i class=\"fa fa-book\" style=\"font-size: 14px; color: #fff\"><\/i> Lire le texte int\u00e9gral<\/a><\/p>\n<h2 style=\"clear: both;\">Michel Foucher<\/h2>\n<p><strong>Titulaire de la chaire de ge\u0301opolitique applique\u0301e au Colle\u0300ge d\u2019e\u0301tudes mondiales (FMSH-ENS) ; ancien directeur du Centre d\u2019analyse et de pre\u0301vision du ministe\u0300re des Affaires e\u0301trange\u0300res<\/strong><\/p>\n<blockquote>\n<p style=\"font-weight: 100;\">En p\u00e9riode de menaces il convient de renforcer l\u2019exercice des fonctions r\u00e9galiennes de base et de le faire savoir aux opinions.<\/p>\n<\/blockquote>\n<div class=\"video-thumb\" style=\"background-image: url(https:\/\/img.youtube.com\/vi\/i9fQCMr-Pnk\/0.jpg);\"><a class=\"venobox video-img-link\" data-type=\"youtube\" href=\"https:\/\/youtu.be\/i9fQCMr-Pnk\"><i class=\"fa fa-play-circle-o\"><\/i><\/a><\/div>\n<p style=\"text-align: right;padding: 40px 0 60px 0;\"><a class=\"button small\" style=\"background: #1abc9c !important;\" href=\"https:\/\/www.worldpolicyconference.com\/wp-content\/uploads\/2016-proceedings-pdf\/fr\/4.session18_foucher_vf.pdf\" target=\"_blank\"><i class=\"fa fa-book\" style=\"font-size: 14px; color: #fff\"><\/i> Lire le texte int\u00e9gral<\/a><\/p>\n<h2 style=\"clear: both;\">Manuel Hassassian<\/h2>\n<p><strong>Ambassadeur de Palestine aupre\u0300s du Royaume-Uni<\/strong><\/p>\n<blockquote>\n<p style=\"font-weight: 100;\">La paix, la stabilit\u00e9 et la s\u00e9curit\u00e9 au Moyen-Orient n\u2019existent pas depuis maintenant des d\u00e9cennies. Le motif en est tout simplement l\u2019absence d\u2019une r\u00e9solution du conflit isra\u00e9lo-palestinien.<\/p>\n<\/blockquote>\n<div class=\"video-thumb\" style=\"background-image: url(https:\/\/img.youtube.com\/vi\/Tg3R0DongaA\/0.jpg);\"><a class=\"venobox video-img-link\" data-type=\"youtube\" href=\"https:\/\/youtu.be\/Tg3R0DongaA\"><i class=\"fa fa-play-circle-o\"><\/i><\/a><\/div>\n<p style=\"text-align: right;padding: 40px 0 60px 0;\"><a class=\"button small\" style=\"background: #1abc9c !important;\" href=\"https:\/\/www.worldpolicyconference.com\/wp-content\/uploads\/2016-proceedings-pdf\/fr\/5.session18_hassassian_vf.pdf\" target=\"_blank\"><i class=\"fa fa-book\" style=\"font-size: 14px; color: #fff\"><\/i> Lire le texte int\u00e9gral<\/a><\/p>\n<h2 style=\"clear: both;\">Marcelo Sanchez Sorondo<\/h2>\n<p><strong>Chancelier de l\u2019Acade\u0301mie pontificale des Sciences et de l\u2019Acade\u0301mie pontificale des Sciences sociales<\/strong><\/p>\n<blockquote>\n<p style=\"font-weight: 100;\">Les solutions r\u00e9elles sont de chercher \u00e0 vraiment d\u00e9fendre la dignit\u00e9 humaine et la libert\u00e9 de chaque individu mais aussi des diff\u00e9rentes populations.<\/p>\n<\/blockquote>\n<div class=\"video-thumb\" style=\"background-image: url(https:\/\/img.youtube.com\/vi\/-qjnEHfoVXQ\/0.jpg);\"><a class=\"venobox video-img-link\" data-type=\"youtube\" href=\"https:\/\/youtu.be\/-qjnEHfoVXQ\"><i class=\"fa fa-play-circle-o\"><\/i><\/a><\/div>\n<p style=\"text-align: right;padding: 40px 0 60px 0;\"><a class=\"button small\" style=\"background: #1abc9c !important;\" href=\"https:\/\/www.worldpolicyconference.com\/wp-content\/uploads\/2016-proceedings-pdf\/fr\/6.session18_sorondo_vf.pdf\" target=\"_blank\"><i class=\"fa fa-book\" style=\"font-size: 14px; color: #fff\"><\/i> Lire le texte int\u00e9gral<\/a><\/p>\n<h2 style=\"clear: both;\">Donald Johnston<\/h2>\n<p><strong>Pre\u0301sident de la fondation McCall McBain ; ancien secre\u0301taire ge\u0301ne\u0301ral de l\u2019OCDE<\/strong><\/p>\n<blockquote>\n<p style=\"font-weight: 100;\">Vous ne pouvez imaginer le miracle que fut l\u2019\u00e9volution de l\u2019Europe dans l\u2019apr\u00e8s-guerre. On l\u2019oublie trop souvent.<\/p>\n<\/blockquote>\n<div class=\"video-thumb\" style=\"background-image: url(https:\/\/img.youtube.com\/vi\/tGtbupXNgzc\/0.jpg);\"><a class=\"venobox video-img-link\" data-type=\"youtube\" href=\"https:\/\/youtu.be\/tGtbupXNgzc\"><i class=\"fa fa-play-circle-o\"><\/i><\/a><\/div>\n<p style=\"text-align: right;padding: 40px 0 60px 0;\"><a class=\"button small\" style=\"background: #1abc9c !important;\" href=\"https:\/\/www.worldpolicyconference.com\/wp-content\/uploads\/2016-proceedings-pdf\/fr\/7.session18_johnston_vf.pdf\" target=\"_blank\"><i class=\"fa fa-book\" style=\"font-size: 14px; color: #fff\"><\/i> Lire le texte int\u00e9gral<\/a><\/p>\n<h2 style=\"clear: both;\">Yim Sung-Joon<\/h2>\n<p><strong>Conseiller, Lee International IP &#038; Law Group, ancien vice-ministre des Affaires e\u0301trange\u0300res et conseiller pour la se\u0301curite\u0301 nationale aupre\u0300s du Pre\u0301sident, Re\u0301publique de Core\u0301e<\/strong><\/p>\n<blockquote>\n<p style=\"font-weight: 100;\">Au fur et \u00e0 mesure que le jour de l\u2019\u00e9lection approchait, ces m\u00e9dias ont m\u00eame calcul\u00e9 la probabilit\u00e9 d\u2019une victoire de Mme Clinton \u00e0 plus de 90 %.<\/p>\n<\/blockquote>\n<div class=\"video-thumb\" style=\"background-image: url(https:\/\/img.youtube.com\/vi\/3NJADpatOeY\/0.jpg);\"><a class=\"venobox video-img-link\" data-type=\"youtube\" href=\"https:\/\/youtu.be\/3NJADpatOeY\"><i class=\"fa fa-play-circle-o\"><\/i><\/a><\/div>\n<p style=\"text-align: right;padding: 40px 0 60px 0;\"><a class=\"button small\" style=\"background: #1abc9c !important;\" href=\"https:\/\/www.worldpolicyconference.com\/wp-content\/uploads\/2016-proceedings-pdf\/fr\/8.session18_yim_vf.pdf\" target=\"_blank\"><i class=\"fa fa-book\" style=\"font-size: 14px; color: #fff\"><\/i> Lire le texte int\u00e9gral<\/a><\/p>\n<h2 style=\"clear: both;\">Tadakatsu Sano<\/h2>\n<p><strong>Avocat, Jones Day ; ancien directeur ge\u0301ne\u0301ral du Bureau des politiques commerciales et vice-ministre des Affaires internationales ; ancien chef du cabinet du Premier ministre Yukio Hatoyama<\/strong><\/p>\n<blockquote>\n<p style=\"font-weight: 100;\">Les vrais perdants, ce sont les membres de l&rsquo;establishment traditionnel. Trump a attaqu\u00e9 les politiciens de carri\u00e8re, les m\u00e9dias, les intellectuels, les milieux financiers et les institutions internationales.<\/p>\n<\/blockquote>\n<div class=\"video-thumb\" style=\"background-image: url(https:\/\/img.youtube.com\/vi\/BomKa6GdpeA\/0.jpg);\"><a class=\"venobox video-img-link\" data-type=\"youtube\" href=\"https:\/\/youtu.be\/BomKa6GdpeA\"><i class=\"fa fa-play-circle-o\"><\/i><\/a><\/div>\n<p style=\"text-align: right;padding: 40px 0 60px 0;\"><a class=\"button small\" style=\"background: #1abc9c !important;\" href=\"https:\/\/www.worldpolicyconference.com\/wp-content\/uploads\/2016-proceedings-pdf\/fr\/9.session18_sano_vf.pdf\" target=\"_blank\"><i class=\"fa fa-book\" style=\"font-size: 14px; color: #fff\"><\/i> Lire le texte int\u00e9gral<\/a><\/p>\n<h2 style=\"clear: both;\">Fran\u00e7ois Barrault<\/h2>\n<p><strong>Pre\u0301sident de l\u2019Idate\/DigiWorld Institute ; ancien pre\u0301sident-directeur ge\u0301ne\u0301ral, BT Global Services et membre du conseil d\u2019administration, BT Group PC<\/strong><\/p>\n<blockquote>\n<p style=\"font-weight: 100;\">Nous avons deux mondes. Il y a le monde 1.0 qui est une extrapolation du pass\u00e9 [\u2026] Puis il y a le monde 2.0, qui est le monde num\u00e9rique.<\/p>\n<\/blockquote>\n<div class=\"video-thumb\" style=\"background-image: url(https:\/\/img.youtube.com\/vi\/vtQ5JkriUjE\/0.jpg);\"><a class=\"venobox video-img-link\" data-type=\"youtube\" href=\"https:\/\/youtu.be\/vtQ5JkriUjE\"><i class=\"fa fa-play-circle-o\"><\/i><\/a><\/div>\n<p style=\"text-align: right;padding: 40px 0 60px 0;\"><a class=\"button small\" style=\"background: #1abc9c !important;\" href=\"https:\/\/www.worldpolicyconference.com\/wp-content\/uploads\/2016-proceedings-pdf\/fr\/10.session18_barrault_vf.pdf\" target=\"_blank\"><i class=\"fa fa-book\" style=\"font-size: 14px; color: #fff\"><\/i> Lire le texte int\u00e9gral<\/a><\/p>\n<h2 style=\"clear: both;\">D\u00e9bat des pan\u00e9listes <\/h2>\n<div class=\"video-thumb\" style=\"background-image: url(https:\/\/img.youtube.com\/vi\/1hwbycY52XI\/0.jpg);\"><a class=\"venobox video-img-link\" data-type=\"youtube\" href=\"https:\/\/youtu.be\/1hwbycY52XI\"><i class=\"fa fa-play-circle-o\"><\/i><\/a><\/div>\n<p style=\"text-align: right;padding: 40px 0 60px 0;\"><a class=\"button small\" style=\"background: #1abc9c !important;\" href=\"https:\/\/www.worldpolicyconference.com\/wp-content\/uploads\/2016-proceedings-pdf\/fr\/11.session18_debat-panelistes_vf.pdf\" target=\"_blank\"><i class=\"fa fa-book\" style=\"font-size: 14px; color: #fff\"><\/i> Lire le texte int\u00e9gral<\/a><\/p>\n<h2 style=\"clear: both;\">D\u00e9bat<\/h2>\n<div class=\"video-thumb\" style=\"background-image: url(https:\/\/img.youtube.com\/vi\/1vPA2H9KOzc\/0.jpg);\"><a class=\"venobox video-img-link\" data-type=\"youtube\" href=\"https:\/\/youtu.be\/1vPA2H9KOzc\"><i class=\"fa fa-play-circle-o\"><\/i><\/a><\/div>\n<p style=\"text-align: right;padding: 40px 0 60px 0;\"><a class=\"button small\" style=\"background: #1abc9c !important;\" href=\"https:\/\/www.worldpolicyconference.com\/wp-content\/uploads\/2016-proceedings-pdf\/fr\/12.session18_debat_vf.pdf\" target=\"_blank\"><i class=\"fa fa-book\" style=\"font-size: 14px; color: #fff\"><\/i> Lire le texte int\u00e9gral<\/a><\/p>\n<\/div><\/div>\n<div class=\"vertical-tab\"><div class=\"vertical-tab-link\"><a href=\"#mar-22-nov-32\">19:30<br \/>Envoi<\/a><\/div><div id=\"mar-22-nov-32\" class=\"vertical-tab-content\">\n<h1 style=\"margin-bottom: 25px;\" class=\"text-right\">19:30 |\u00a0Envoi<\/h1>\n<h2 style=\"clear: both;\">Thierry de Montbrial<\/h2>\n<p><strong>Pre\u0301sident et fondateur de la World Policy Conference<\/strong><\/p>\n<div class=\"video-thumb\" style=\"background-image: url(https:\/\/img.youtube.com\/vi\/ImI-ofTfftw\/0.jpg);\"><a class=\"venobox video-img-link\" data-type=\"youtube\" href=\"https:\/\/youtu.be\/ImI-ofTfftw\"><i class=\"fa fa-play-circle-o\"><\/i><\/a><\/div>\n<p style=\"text-align: right;padding: 40px 0 60px 0;\"><a class=\"button small\" style=\"background: #1abc9c !important;\" href=\"https:\/\/www.worldpolicyconference.com\/wp-content\/uploads\/2016-proceedings-pdf\/fr\/1.envoi_montbrial_vf.pdf\" target=\"_blank\"><i class=\"fa fa-book\" style=\"font-size: 14px; color: #fff\"><\/i> Lire le texte int\u00e9gral<\/a><\/p>\n<h2 style=\"clear: both;\">Hassan bin Ibrahim Al Mohannadi<\/h2>\n<p><strong>Directeur de l\u2019institut diplomatique, MAE, Qatar<\/strong><\/p>\n<div class=\"video-thumb\" style=\"background-image: url(https:\/\/img.youtube.com\/vi\/hg6quS8fGX4\/0.jpg);\"><a class=\"venobox video-img-link\" data-type=\"youtube\" href=\"https:\/\/youtu.be\/hg6quS8fGX4\"><i class=\"fa fa-play-circle-o\"><\/i><\/a><\/div>\n<p style=\"text-align: right;padding: 40px 0 60px 0;\"><a class=\"button small\" style=\"background: #1abc9c !important;\" href=\"https:\/\/www.worldpolicyconference.com\/wp-content\/uploads\/2016-proceedings-pdf\/fr\/2.envoi_mohannadi_vf.pdf\" target=\"_blank\"><i class=\"fa fa-book\" style=\"font-size: 14px; color: #fff\"><\/i> Lire le texte int\u00e9gral<\/a><\/p>\n<\/div><\/div>\n<\/div><\/div>\n<\/div><\/div><\/p>","protected":false},"excerpt":{"rendered":"","protected":false},"author":1,"featured_media":0,"comment_status":"closed","ping_status":"closed","sticky":false,"template":"","format":"standard","meta":{"footnotes":""},"categories":[13,6],"tags":[21],"class_list":["post-8053","post","type-post","status-publish","format-standard","hentry","category-conference-proceedings","category-publications","tag-21"],"_links":{"self":[{"href":"https:\/\/www.worldpolicyconference.com\/fr\/wp-json\/wp\/v2\/posts\/8053","targetHints":{"allow":["GET"]}}],"collection":[{"href":"https:\/\/www.worldpolicyconference.com\/fr\/wp-json\/wp\/v2\/posts"}],"about":[{"href":"https:\/\/www.worldpolicyconference.com\/fr\/wp-json\/wp\/v2\/types\/post"}],"author":[{"embeddable":true,"href":"https:\/\/www.worldpolicyconference.com\/fr\/wp-json\/wp\/v2\/users\/1"}],"replies":[{"embeddable":true,"href":"https:\/\/www.worldpolicyconference.com\/fr\/wp-json\/wp\/v2\/comments?post=8053"}],"version-history":[{"count":0,"href":"https:\/\/www.worldpolicyconference.com\/fr\/wp-json\/wp\/v2\/posts\/8053\/revisions"}],"wp:attachment":[{"href":"https:\/\/www.worldpolicyconference.com\/fr\/wp-json\/wp\/v2\/media?parent=8053"}],"wp:term":[{"taxonomy":"category","embeddable":true,"href":"https:\/\/www.worldpolicyconference.com\/fr\/wp-json\/wp\/v2\/categories?post=8053"},{"taxonomy":"post_tag","embeddable":true,"href":"https:\/\/www.worldpolicyconference.com\/fr\/wp-json\/wp\/v2\/tags?post=8053"}],"curies":[{"name":"wp","href":"https:\/\/api.w.org\/{rel}","templated":true}]}}