{"id":807,"date":"2014-05-12T09:36:08","date_gmt":"2014-05-12T08:36:08","guid":{"rendered":"http:\/\/www.worldpolicyconference.com\/xavier-vidal-folch\/"},"modified":"2018-06-12T09:42:57","modified_gmt":"2018-06-12T08:42:57","slug":"xavier-vidal-folch","status":"publish","type":"post","link":"https:\/\/www.worldpolicyconference.com\/fr\/xavier-vidal-folch\/","title":{"rendered":"Xavier Vidal-Folch"},"content":{"rendered":"<p>Directeur adjoint du quotidien espagnol El Pa\u00eds et Pr\u00e9sident du  World Editors Forum depuis juin 2008. Il a \u00e9t\u00e9 Directeur du bureau de Bruxelles de El Pa\u00eds (1994-1999), r\u00e9dacteur en chef de El Pa\u00eds (1987), Directeur adjoint de l\u2019information de la cha\u00eene de t\u00e9l\u00e9vision espagnole TVE (1985-1986), r\u00e9dacteur \u00e9conomique, El Peri\u00f3dico de Catalunya (1978-1982), reporter, Diario de Barcelona (1977), journaliste politique, El Noticiero universal (1976), journaliste, El Diario de Mallorca (1974-1975). Il est dipl\u00f4m\u00e9 en droit universit\u00e9 de Barcelone, en journalisme; universit\u00e9 autonome de Barcelone et en histoire contemporaine, universit\u00e9 autonome de Barcelone.<\/p>","protected":false},"excerpt":{"rendered":"<p>Directeur adjoint du quotidien espagnol El Pa\u00eds et Pr\u00e9sident du World Editors Forum depuis juin 2008. Il a \u00e9t\u00e9 Directeur du bureau de Bruxelles de El Pa\u00eds (1994-1999), r\u00e9dacteur en<\/p>\n","protected":false},"author":1,"featured_media":10616,"comment_status":"closed","ping_status":"open","sticky":false,"template":"","format":"standard","meta":{"footnotes":""},"categories":[8],"tags":[16],"class_list":["post-807","post","type-post","status-publish","format-standard","has-post-thumbnail","hentry","category-invited-guests","tag-16"],"_links":{"self":[{"href":"https:\/\/www.worldpolicyconference.com\/fr\/wp-json\/wp\/v2\/posts\/807","targetHints":{"allow":["GET"]}}],"collection":[{"href":"https:\/\/www.worldpolicyconference.com\/fr\/wp-json\/wp\/v2\/posts"}],"about":[{"href":"https:\/\/www.worldpolicyconference.com\/fr\/wp-json\/wp\/v2\/types\/post"}],"author":[{"embeddable":true,"href":"https:\/\/www.worldpolicyconference.com\/fr\/wp-json\/wp\/v2\/users\/1"}],"replies":[{"embeddable":true,"href":"https:\/\/www.worldpolicyconference.com\/fr\/wp-json\/wp\/v2\/comments?post=807"}],"version-history":[{"count":0,"href":"https:\/\/www.worldpolicyconference.com\/fr\/wp-json\/wp\/v2\/posts\/807\/revisions"}],"wp:featuredmedia":[{"embeddable":true,"href":"https:\/\/www.worldpolicyconference.com\/fr\/wp-json\/wp\/v2\/media\/10616"}],"wp:attachment":[{"href":"https:\/\/www.worldpolicyconference.com\/fr\/wp-json\/wp\/v2\/media?parent=807"}],"wp:term":[{"taxonomy":"category","embeddable":true,"href":"https:\/\/www.worldpolicyconference.com\/fr\/wp-json\/wp\/v2\/categories?post=807"},{"taxonomy":"post_tag","embeddable":true,"href":"https:\/\/www.worldpolicyconference.com\/fr\/wp-json\/wp\/v2\/tags?post=807"}],"curies":[{"name":"wp","href":"https:\/\/api.w.org\/{rel}","templated":true}]}}