{"id":813,"date":"2014-05-12T09:36:59","date_gmt":"2014-05-12T08:36:59","guid":{"rendered":"http:\/\/www.worldpolicyconference.com\/bruno-weymuller\/"},"modified":"2026-04-17T10:39:55","modified_gmt":"2026-04-17T09:39:55","slug":"bruno-weymuller","status":"publish","type":"post","link":"https:\/\/www.worldpolicyconference.com\/fr\/bruno-weymuller\/","title":{"rendered":"Bruno Weymuller"},"content":{"rendered":"<p><\/p>\n<p style=\"text-align: justify;\"><span style=\"font-weight: 400;\">Membre de Total Professeurs Associ\u00e9s et du conseil d\u2019administration du Conseil fran\u00e7ais de l\u2019\u00e9nergie. Ancien membre du comit\u00e9 ex\u00e9cutif de Total, il a \u00e9t\u00e9 directeur de la strat\u00e9gie et de l\u2019\u00e9valuation des risques de Total (2000-2008) et directeur financier d\u2019Elf Aquitaine (1994-2000). Il a commenc\u00e9 sa carri\u00e8re au minist\u00e8re de l\u2019Industrie (1972-1978), avant de rejoindre le cabinet du Premier ministre, Raymond Barre (1978-1981). Il est dipl\u00f4m\u00e9 de l\u2019\u00c9cole Polytechnique, de l\u2019\u00c9cole des mines de Paris et titulaire d\u2019un Master of Science du Massachusetts Institute of Technology.<\/span><\/p>\n<p><\/p>","protected":false},"excerpt":{"rendered":"<p>Membre de Total Professeurs Associ\u00e9s et du conseil d\u2019administration du Conseil fran\u00e7ais de l\u2019\u00e9nergie. Ancien membre du comit\u00e9 ex\u00e9cutif de Total, il a \u00e9t\u00e9 directeur de la strat\u00e9gie et de<\/p>\n","protected":false},"author":1,"featured_media":17454,"comment_status":"closed","ping_status":"open","sticky":false,"template":"","format":"standard","meta":{"footnotes":""},"categories":[8],"tags":[18,15,16,17,14,10,19,20,21,22,30,153,154,155,157],"class_list":["post-813","post","type-post","status-publish","format-standard","has-post-thumbnail","hentry","category-invited-guests","tag-18","tag-15","tag-16","tag-17","tag-14","tag-10","tag-19","tag-20","tag-21","tag-22","tag-30","tag-153","tag-154","tag-155","tag-157"],"_links":{"self":[{"href":"https:\/\/www.worldpolicyconference.com\/fr\/wp-json\/wp\/v2\/posts\/813","targetHints":{"allow":["GET"]}}],"collection":[{"href":"https:\/\/www.worldpolicyconference.com\/fr\/wp-json\/wp\/v2\/posts"}],"about":[{"href":"https:\/\/www.worldpolicyconference.com\/fr\/wp-json\/wp\/v2\/types\/post"}],"author":[{"embeddable":true,"href":"https:\/\/www.worldpolicyconference.com\/fr\/wp-json\/wp\/v2\/users\/1"}],"replies":[{"embeddable":true,"href":"https:\/\/www.worldpolicyconference.com\/fr\/wp-json\/wp\/v2\/comments?post=813"}],"version-history":[{"count":0,"href":"https:\/\/www.worldpolicyconference.com\/fr\/wp-json\/wp\/v2\/posts\/813\/revisions"}],"wp:featuredmedia":[{"embeddable":true,"href":"https:\/\/www.worldpolicyconference.com\/fr\/wp-json\/wp\/v2\/media\/17454"}],"wp:attachment":[{"href":"https:\/\/www.worldpolicyconference.com\/fr\/wp-json\/wp\/v2\/media?parent=813"}],"wp:term":[{"taxonomy":"category","embeddable":true,"href":"https:\/\/www.worldpolicyconference.com\/fr\/wp-json\/wp\/v2\/categories?post=813"},{"taxonomy":"post_tag","embeddable":true,"href":"https:\/\/www.worldpolicyconference.com\/fr\/wp-json\/wp\/v2\/tags?post=813"}],"curies":[{"name":"wp","href":"https:\/\/api.w.org\/{rel}","templated":true}]}}