{"id":823,"date":"2014-05-12T09:38:48","date_gmt":"2014-05-12T08:38:48","guid":{"rendered":"http:\/\/www.worldpolicyconference.com\/dominique-mosi\/"},"modified":"2022-11-14T16:10:22","modified_gmt":"2022-11-14T15:10:22","slug":"dominique-mosi","status":"publish","type":"post","link":"https:\/\/www.worldpolicyconference.com\/fr\/dominique-mosi\/","title":{"rendered":"Dominique Mo\u00efsi"},"content":{"rendered":"<p><\/p>\n<p style=\"text-align: justify;\"><span style=\"font-weight: 400;\">Membre fondateur de l&rsquo;Institut fran\u00e7ais des relations internationales aux c\u00f4t\u00e9s de Thierry de Montbrial, Dominique Mo\u00efsi a \u00e9t\u00e9 l&rsquo;assistant de Raymond Aron \u00e0 la Maison des sciences de l&rsquo;Homme \u00e0 Paris. Il a \u00e9t\u00e9 le premier titulaire de la chaire Pierre Keller de Gouvernement \u00e0 l&rsquo;Universit\u00e9 de Harvard et de la chaire Hisashi Owada aux Universit\u00e9s de Leiden et de Tokyo. Il est Visiting Research Professor au King&rsquo;s College de Londres. Depuis 2016 il\u00a0est conseiller sp\u00e9cial de l&rsquo;Institut Montaigne. Il est l&rsquo;auteur de nombreux livres dont <em>La G\u00e9opolitique de l&rsquo;\u00e9motion<\/em>, traduit en plus de vingt langues et pour lequel il a re\u00e7u le prix Spinoza international en 2018. Il est chroniqueur au journal <em>Les Echos<\/em>, \u00e0 Radio Classique et \u00e0 <em>Ouest-France<\/em>. Il contribue r\u00e9guli\u00e8rement au <em>Financial Times<\/em> et au <em>New York Times<\/em>.<\/span><\/p>\n<p><\/p>","protected":false},"excerpt":{"rendered":"<p>Membre fondateur de l&rsquo;Institut fran\u00e7ais des relations internationales aux c\u00f4t\u00e9s de Thierry de Montbrial, Dominique Mo\u00efsi a \u00e9t\u00e9 l&rsquo;assistant de Raymond Aron \u00e0 la Maison des sciences de l&rsquo;Homme \u00e0<\/p>\n","protected":false},"author":1,"featured_media":9880,"comment_status":"closed","ping_status":"open","sticky":false,"template":"","format":"standard","meta":{"footnotes":""},"categories":[8],"tags":[18,15,16,17,14,10,19,20],"class_list":["post-823","post","type-post","status-publish","format-standard","has-post-thumbnail","hentry","category-invited-guests","tag-18","tag-15","tag-16","tag-17","tag-14","tag-10","tag-19","tag-20"],"_links":{"self":[{"href":"https:\/\/www.worldpolicyconference.com\/fr\/wp-json\/wp\/v2\/posts\/823","targetHints":{"allow":["GET"]}}],"collection":[{"href":"https:\/\/www.worldpolicyconference.com\/fr\/wp-json\/wp\/v2\/posts"}],"about":[{"href":"https:\/\/www.worldpolicyconference.com\/fr\/wp-json\/wp\/v2\/types\/post"}],"author":[{"embeddable":true,"href":"https:\/\/www.worldpolicyconference.com\/fr\/wp-json\/wp\/v2\/users\/1"}],"replies":[{"embeddable":true,"href":"https:\/\/www.worldpolicyconference.com\/fr\/wp-json\/wp\/v2\/comments?post=823"}],"version-history":[{"count":0,"href":"https:\/\/www.worldpolicyconference.com\/fr\/wp-json\/wp\/v2\/posts\/823\/revisions"}],"wp:featuredmedia":[{"embeddable":true,"href":"https:\/\/www.worldpolicyconference.com\/fr\/wp-json\/wp\/v2\/media\/9880"}],"wp:attachment":[{"href":"https:\/\/www.worldpolicyconference.com\/fr\/wp-json\/wp\/v2\/media?parent=823"}],"wp:term":[{"taxonomy":"category","embeddable":true,"href":"https:\/\/www.worldpolicyconference.com\/fr\/wp-json\/wp\/v2\/categories?post=823"},{"taxonomy":"post_tag","embeddable":true,"href":"https:\/\/www.worldpolicyconference.com\/fr\/wp-json\/wp\/v2\/tags?post=823"}],"curies":[{"name":"wp","href":"https:\/\/api.w.org\/{rel}","templated":true}]}}