{"id":854,"date":"2014-05-12T09:41:53","date_gmt":"2014-05-12T08:41:53","guid":{"rendered":"http:\/\/www.worldpolicyconference.com\/dusan-t-batakovic\/"},"modified":"2018-06-07T13:38:30","modified_gmt":"2018-06-07T12:38:30","slug":"dusan-t-batakovic","status":"publish","type":"post","link":"https:\/\/www.worldpolicyconference.com\/fr\/dusan-t-batakovic\/","title":{"rendered":"Dusan T. Batakovic"},"content":{"rendered":"<p>Ancien ambassadeur de Serbie en France. Directeur de l\u2019Institut d\u2019\u00e9tudes sur les Balkans, Belgrade, et pr\u00e9sident du comit\u00e9 serbe de l\u2019AIESEE (Association internationale d\u2019\u00e9tudes du sud-est europ\u00e9en), il fut \u00e9galement ambassadeur au Canada, ambassadeur itin\u00e9rant, conseiller aupr\u00e8s du pr\u00e9sident de la Serbie et ambassadeur en Gr\u00e8ce. Il est titulaire d\u2019un doctorat intitul\u00e9 \u00ab\u00a0La France et la cr\u00e9ation d\u2019une d\u00e9mocratie parlementaire en Serbie 1830-1914\u00a0\u00bb de l\u2019universit\u00e9 de Paris-Sorbonne, Paris IV.<\/p>","protected":false},"excerpt":{"rendered":"<p>Ancien ambassadeur de Serbie en France. Directeur de l\u2019Institut d\u2019\u00e9tudes sur les Balkans, Belgrade, et pr\u00e9sident du comit\u00e9 serbe de l\u2019AIESEE (Association internationale d\u2019\u00e9tudes du sud-est europ\u00e9en), il fut \u00e9galement<\/p>\n","protected":false},"author":1,"featured_media":10448,"comment_status":"closed","ping_status":"open","sticky":false,"template":"","format":"standard","meta":{"footnotes":""},"categories":[8],"tags":[15,17],"class_list":["post-854","post","type-post","status-publish","format-standard","has-post-thumbnail","hentry","category-invited-guests","tag-15","tag-17"],"_links":{"self":[{"href":"https:\/\/www.worldpolicyconference.com\/fr\/wp-json\/wp\/v2\/posts\/854","targetHints":{"allow":["GET"]}}],"collection":[{"href":"https:\/\/www.worldpolicyconference.com\/fr\/wp-json\/wp\/v2\/posts"}],"about":[{"href":"https:\/\/www.worldpolicyconference.com\/fr\/wp-json\/wp\/v2\/types\/post"}],"author":[{"embeddable":true,"href":"https:\/\/www.worldpolicyconference.com\/fr\/wp-json\/wp\/v2\/users\/1"}],"replies":[{"embeddable":true,"href":"https:\/\/www.worldpolicyconference.com\/fr\/wp-json\/wp\/v2\/comments?post=854"}],"version-history":[{"count":0,"href":"https:\/\/www.worldpolicyconference.com\/fr\/wp-json\/wp\/v2\/posts\/854\/revisions"}],"wp:featuredmedia":[{"embeddable":true,"href":"https:\/\/www.worldpolicyconference.com\/fr\/wp-json\/wp\/v2\/media\/10448"}],"wp:attachment":[{"href":"https:\/\/www.worldpolicyconference.com\/fr\/wp-json\/wp\/v2\/media?parent=854"}],"wp:term":[{"taxonomy":"category","embeddable":true,"href":"https:\/\/www.worldpolicyconference.com\/fr\/wp-json\/wp\/v2\/categories?post=854"},{"taxonomy":"post_tag","embeddable":true,"href":"https:\/\/www.worldpolicyconference.com\/fr\/wp-json\/wp\/v2\/tags?post=854"}],"curies":[{"name":"wp","href":"https:\/\/api.w.org\/{rel}","templated":true}]}}