{"id":868,"date":"2014-05-12T09:43:50","date_gmt":"2014-05-12T08:43:50","guid":{"rendered":"http:\/\/www.worldpolicyconference.com\/patrick-colas-des-francs\/"},"modified":"2018-06-07T13:50:35","modified_gmt":"2018-06-07T12:50:35","slug":"patrick-colas-des-francs","status":"publish","type":"post","link":"https:\/\/www.worldpolicyconference.com\/fr\/patrick-colas-des-francs\/","title":{"rendered":"Patrick Colas des Francs"},"content":{"rendered":"<p>Directeur g\u00e9n\u00e9ral de Coges. Dipl\u00f4m\u00e9 de l\u2019\u00e9cole militaire de Saint-Cyr, il rejoint la division blind\u00e9e (reconnaissance). Il a particip\u00e9 \u00e0 de nombreuses op\u00e9rations au Tchad, en Centre-Afrique, en R\u00e9publique d\u00e9mocratique du Congo, \u00e0 Djibouti et au Kosovo. Il a \u00e9galement \u00e9t\u00e9 commandant du Centre fran\u00e7ais de pr\u00e9paration des forces arm\u00e9es. En 2007, il quitte l\u2019arm\u00e9e et devient pr\u00e9sident-directeur g\u00e9n\u00e9ral de Coges, soci\u00e9t\u00e9 organisatrice du salon Eurosatory et en charge des pavillons fran\u00e7ais sur d\u2019autres expositions dans le monde. Il est dipl\u00f4m\u00e9 de COSSAT (Cours sup\u00e9rieur des syst\u00e8mes d\u2019armes terrestres) et de l\u2019\u00c9cole de guerre de Paris.<\/p>","protected":false},"excerpt":{"rendered":"<p>Directeur g\u00e9n\u00e9ral de Coges. Dipl\u00f4m\u00e9 de l\u2019\u00e9cole militaire de Saint-Cyr, il rejoint la division blind\u00e9e (reconnaissance). Il a particip\u00e9 \u00e0 de nombreuses op\u00e9rations au Tchad, en Centre-Afrique, en R\u00e9publique d\u00e9mocratique<\/p>\n","protected":false},"author":1,"featured_media":10453,"comment_status":"closed","ping_status":"open","sticky":false,"template":"","format":"standard","meta":{"footnotes":""},"categories":[8],"tags":[15],"class_list":["post-868","post","type-post","status-publish","format-standard","has-post-thumbnail","hentry","category-invited-guests","tag-15"],"_links":{"self":[{"href":"https:\/\/www.worldpolicyconference.com\/fr\/wp-json\/wp\/v2\/posts\/868","targetHints":{"allow":["GET"]}}],"collection":[{"href":"https:\/\/www.worldpolicyconference.com\/fr\/wp-json\/wp\/v2\/posts"}],"about":[{"href":"https:\/\/www.worldpolicyconference.com\/fr\/wp-json\/wp\/v2\/types\/post"}],"author":[{"embeddable":true,"href":"https:\/\/www.worldpolicyconference.com\/fr\/wp-json\/wp\/v2\/users\/1"}],"replies":[{"embeddable":true,"href":"https:\/\/www.worldpolicyconference.com\/fr\/wp-json\/wp\/v2\/comments?post=868"}],"version-history":[{"count":0,"href":"https:\/\/www.worldpolicyconference.com\/fr\/wp-json\/wp\/v2\/posts\/868\/revisions"}],"wp:featuredmedia":[{"embeddable":true,"href":"https:\/\/www.worldpolicyconference.com\/fr\/wp-json\/wp\/v2\/media\/10453"}],"wp:attachment":[{"href":"https:\/\/www.worldpolicyconference.com\/fr\/wp-json\/wp\/v2\/media?parent=868"}],"wp:term":[{"taxonomy":"category","embeddable":true,"href":"https:\/\/www.worldpolicyconference.com\/fr\/wp-json\/wp\/v2\/categories?post=868"},{"taxonomy":"post_tag","embeddable":true,"href":"https:\/\/www.worldpolicyconference.com\/fr\/wp-json\/wp\/v2\/tags?post=868"}],"curies":[{"name":"wp","href":"https:\/\/api.w.org\/{rel}","templated":true}]}}