{"id":874,"date":"2014-05-12T09:44:48","date_gmt":"2014-05-12T08:44:48","guid":{"rendered":"http:\/\/www.worldpolicyconference.com\/amar-drissi\/"},"modified":"2018-06-07T13:55:29","modified_gmt":"2018-06-07T12:55:29","slug":"amar-drissi","status":"publish","type":"post","link":"https:\/\/www.worldpolicyconference.com\/fr\/amar-drissi\/","title":{"rendered":"Amar Drissi"},"content":{"rendered":"<p><\/p>\n<p>Executive Vice President, OCP Group. En tant que vice-pr\u00e9sident de la Citibank, il a \u00e9t\u00e9 impliqu\u00e9 dans des activit\u00e9s de fusion-acquisition et d\u2019ing\u00e9nierie financi\u00e8re dans plusieurs pays. Nomm\u00e9 administrateur directeur g\u00e9n\u00e9ral des Charbonnages du Maroc, il a restructur\u00e9 la mine de Jerada puis, comme directeur g\u00e9n\u00e9ral de filiales et membre du comit\u00e9 directeur du Groupe ONA, il a redress\u00e9 plusieurs grandes filiales dont Lesieur et Centrale laiti\u00e8re. Il a ensuite \u00e9t\u00e9 Executive Vice President de FINCON, Gen\u00e8ve, et de Strategic Communications Group, Dubai. Il est titulaire d\u2019un MBA en finance de la Stern School of Business, New York University, d\u2019un doctorat en gestion de l\u2019\u00c9cole polytechnique et d\u2019un doctorat en psychologie sociale de Paris X. Il a co-dirig\u00e9 avec Thierry de Montbrial l\u2019ouvrage Dubai, the New Arab Dream, \u00ab Travaux et recherches de l\u2019Ifri \u00bb, 2006.<\/p>\n<p><\/p>","protected":false},"excerpt":{"rendered":"<p>Executive Vice President, OCP Group. En tant que vice-pr\u00e9sident de la Citibank, il a \u00e9t\u00e9 impliqu\u00e9 dans des activit\u00e9s de fusion-acquisition et d\u2019ing\u00e9nierie financi\u00e8re dans plusieurs pays. Nomm\u00e9 administrateur directeur<\/p>\n","protected":false},"author":1,"featured_media":10457,"comment_status":"closed","ping_status":"open","sticky":false,"template":"","format":"standard","meta":{"footnotes":""},"categories":[8],"tags":[15],"class_list":["post-874","post","type-post","status-publish","format-standard","has-post-thumbnail","hentry","category-invited-guests","tag-15"],"_links":{"self":[{"href":"https:\/\/www.worldpolicyconference.com\/fr\/wp-json\/wp\/v2\/posts\/874","targetHints":{"allow":["GET"]}}],"collection":[{"href":"https:\/\/www.worldpolicyconference.com\/fr\/wp-json\/wp\/v2\/posts"}],"about":[{"href":"https:\/\/www.worldpolicyconference.com\/fr\/wp-json\/wp\/v2\/types\/post"}],"author":[{"embeddable":true,"href":"https:\/\/www.worldpolicyconference.com\/fr\/wp-json\/wp\/v2\/users\/1"}],"replies":[{"embeddable":true,"href":"https:\/\/www.worldpolicyconference.com\/fr\/wp-json\/wp\/v2\/comments?post=874"}],"version-history":[{"count":0,"href":"https:\/\/www.worldpolicyconference.com\/fr\/wp-json\/wp\/v2\/posts\/874\/revisions"}],"wp:featuredmedia":[{"embeddable":true,"href":"https:\/\/www.worldpolicyconference.com\/fr\/wp-json\/wp\/v2\/media\/10457"}],"wp:attachment":[{"href":"https:\/\/www.worldpolicyconference.com\/fr\/wp-json\/wp\/v2\/media?parent=874"}],"wp:term":[{"taxonomy":"category","embeddable":true,"href":"https:\/\/www.worldpolicyconference.com\/fr\/wp-json\/wp\/v2\/categories?post=874"},{"taxonomy":"post_tag","embeddable":true,"href":"https:\/\/www.worldpolicyconference.com\/fr\/wp-json\/wp\/v2\/tags?post=874"}],"curies":[{"name":"wp","href":"https:\/\/api.w.org\/{rel}","templated":true}]}}