{"id":882,"date":"2014-05-12T09:45:31","date_gmt":"2014-05-12T08:45:31","guid":{"rendered":"http:\/\/www.worldpolicyconference.com\/dominique-david\/"},"modified":"2026-04-16T17:13:52","modified_gmt":"2026-04-16T16:13:52","slug":"dominique-david","status":"publish","type":"post","link":"https:\/\/www.worldpolicyconference.com\/fr\/dominique-david\/","title":{"rendered":"Dominique David"},"content":{"rendered":"<p><\/p>\n<p style=\"text-align: justify;\"><span style=\"font-weight: 400;\"><span style=\"font-size: 1rem;\">Conseiller du pr\u00e9sident de l\u2019Ifri, r\u00e9dacteur en chef de <\/span><i><span style=\"font-weight: 400;\">Politique \u00e9trang\u00e8re<\/span><\/i><span style=\"font-weight: 400;\"> et co-directeur du rapport annuel Ramses. Il est \u00e9galement pr\u00e9sident du Centre franco-autrichien pour le rapprochement en Europe ainsi que le Club des Vingt . Ancien directeur ex\u00e9cutif de l\u2019Ifri. Il a pr\u00e9c\u00e9demment dirig\u00e9 le d\u00e9partement des \u00e9tudes de s\u00e9curit\u00e9 de l\u2019Ifri. Avant de rejoindre l\u2019Ifri, il a \u00e9t\u00e9 directeur-adjoint de l\u2019Institut fran\u00e7ais de pol\u00e9mologie, puis secr\u00e9taire g\u00e9n\u00e9ral de la Fondation pour les \u00e9tudes de d\u00e9fense nationale (FEDN). Il a \u00e9galement enseign\u00e9 \u00e0 l\u2019Ecole sp\u00e9ciale militaire de Saint-Cyr, aux universit\u00e9s de Paris I et de Marne-la-Vall\u00e9e, ainsi qu\u2019\u00e0 l\u2019Institut d\u2019\u00e9tudes politiques de Paris. Ses \u00e9tudes et ouvrages portent sur les questions strat\u00e9giques et de s\u00e9curit\u00e9, et en particulier la strat\u00e9gie fran\u00e7aise et les questions europ\u00e9ennes.<\/span><\/span><\/p>\n<p><\/p>","protected":false},"excerpt":{"rendered":"<p>Conseiller du pr\u00e9sident de l\u2019Ifri, r\u00e9dacteur en chef de Politique \u00e9trang\u00e8re et co-directeur du rapport annuel Ramses. Il est \u00e9galement pr\u00e9sident du Centre franco-autrichien pour le rapprochement en Europe ainsi<\/p>\n","protected":false},"author":1,"featured_media":12545,"comment_status":"closed","ping_status":"open","sticky":false,"template":"","format":"standard","meta":{"footnotes":""},"categories":[8],"tags":[16,17,14,10,19,20,21,22,30,153,154,155,157],"class_list":["post-882","post","type-post","status-publish","format-standard","has-post-thumbnail","hentry","category-invited-guests","tag-16","tag-17","tag-14","tag-10","tag-19","tag-20","tag-21","tag-22","tag-30","tag-153","tag-154","tag-155","tag-157"],"_links":{"self":[{"href":"https:\/\/www.worldpolicyconference.com\/fr\/wp-json\/wp\/v2\/posts\/882","targetHints":{"allow":["GET"]}}],"collection":[{"href":"https:\/\/www.worldpolicyconference.com\/fr\/wp-json\/wp\/v2\/posts"}],"about":[{"href":"https:\/\/www.worldpolicyconference.com\/fr\/wp-json\/wp\/v2\/types\/post"}],"author":[{"embeddable":true,"href":"https:\/\/www.worldpolicyconference.com\/fr\/wp-json\/wp\/v2\/users\/1"}],"replies":[{"embeddable":true,"href":"https:\/\/www.worldpolicyconference.com\/fr\/wp-json\/wp\/v2\/comments?post=882"}],"version-history":[{"count":0,"href":"https:\/\/www.worldpolicyconference.com\/fr\/wp-json\/wp\/v2\/posts\/882\/revisions"}],"wp:featuredmedia":[{"embeddable":true,"href":"https:\/\/www.worldpolicyconference.com\/fr\/wp-json\/wp\/v2\/media\/12545"}],"wp:attachment":[{"href":"https:\/\/www.worldpolicyconference.com\/fr\/wp-json\/wp\/v2\/media?parent=882"}],"wp:term":[{"taxonomy":"category","embeddable":true,"href":"https:\/\/www.worldpolicyconference.com\/fr\/wp-json\/wp\/v2\/categories?post=882"},{"taxonomy":"post_tag","embeddable":true,"href":"https:\/\/www.worldpolicyconference.com\/fr\/wp-json\/wp\/v2\/tags?post=882"}],"curies":[{"name":"wp","href":"https:\/\/api.w.org\/{rel}","templated":true}]}}