{"id":894,"date":"2014-05-12T09:47:11","date_gmt":"2014-05-12T08:47:11","guid":{"rendered":"http:\/\/www.worldpolicyconference.com\/hans-stark\/"},"modified":"2018-06-08T11:26:22","modified_gmt":"2018-06-08T10:26:22","slug":"hans-stark","status":"publish","type":"post","link":"https:\/\/www.worldpolicyconference.com\/fr\/hans-stark\/","title":{"rendered":"Hans Stark"},"content":{"rendered":"<p>Secr\u00e9taire g\u00e9n\u00e9ral du Comit\u00e9 d&rsquo;\u00e9tudes des relations franco-allemandes (Cerfa) de l&rsquo;Ifri. Depuis 2012, il est professeur de civilisation allemande contemporaine \u00e0 l&rsquo;Universit\u00e9 Paris-Sorbonne. Il a \u00e9t\u00e9 ma\u00eetre de conf\u00e9rences \u00e0 l&rsquo;Universit\u00e9 Paris 3 Sorbonne Nouvelle entre 2005 et 2012. Il est dipl\u00f4m\u00e9 de l&rsquo;Institut d&rsquo;\u00e9tudes politiques de Paris (section Relations Internationales, 1987), titulaire d&rsquo;un DEA d&rsquo;\u00e9tudes sovi\u00e9tiques et est-europ\u00e9ennes \u00e0 l&rsquo;Institut d&rsquo;\u00e9tudes politiques de Paris (1990) et docteur en science politique de l&rsquo;Universit\u00e9 Paris I-Sorbonne (2001).<\/p>\n<p><\/p>","protected":false},"excerpt":{"rendered":"<p>Secr\u00e9taire g\u00e9n\u00e9ral du Comit\u00e9 d&rsquo;\u00e9tudes des relations franco-allemandes (Cerfa) de l&rsquo;Ifri. Depuis 2012, il est professeur de civilisation allemande contemporaine \u00e0 l&rsquo;Universit\u00e9 Paris-Sorbonne. Il a \u00e9t\u00e9 ma\u00eetre de conf\u00e9rences \u00e0<\/p>\n","protected":false},"author":1,"featured_media":9548,"comment_status":"closed","ping_status":"open","sticky":false,"template":"","format":"standard","meta":{"footnotes":""},"categories":[8],"tags":[18,17,21,22],"class_list":["post-894","post","type-post","status-publish","format-standard","has-post-thumbnail","hentry","category-invited-guests","tag-18","tag-17","tag-21","tag-22"],"_links":{"self":[{"href":"https:\/\/www.worldpolicyconference.com\/fr\/wp-json\/wp\/v2\/posts\/894","targetHints":{"allow":["GET"]}}],"collection":[{"href":"https:\/\/www.worldpolicyconference.com\/fr\/wp-json\/wp\/v2\/posts"}],"about":[{"href":"https:\/\/www.worldpolicyconference.com\/fr\/wp-json\/wp\/v2\/types\/post"}],"author":[{"embeddable":true,"href":"https:\/\/www.worldpolicyconference.com\/fr\/wp-json\/wp\/v2\/users\/1"}],"replies":[{"embeddable":true,"href":"https:\/\/www.worldpolicyconference.com\/fr\/wp-json\/wp\/v2\/comments?post=894"}],"version-history":[{"count":0,"href":"https:\/\/www.worldpolicyconference.com\/fr\/wp-json\/wp\/v2\/posts\/894\/revisions"}],"wp:featuredmedia":[{"embeddable":true,"href":"https:\/\/www.worldpolicyconference.com\/fr\/wp-json\/wp\/v2\/media\/9548"}],"wp:attachment":[{"href":"https:\/\/www.worldpolicyconference.com\/fr\/wp-json\/wp\/v2\/media?parent=894"}],"wp:term":[{"taxonomy":"category","embeddable":true,"href":"https:\/\/www.worldpolicyconference.com\/fr\/wp-json\/wp\/v2\/categories?post=894"},{"taxonomy":"post_tag","embeddable":true,"href":"https:\/\/www.worldpolicyconference.com\/fr\/wp-json\/wp\/v2\/tags?post=894"}],"curies":[{"name":"wp","href":"https:\/\/api.w.org\/{rel}","templated":true}]}}