{"id":898,"date":"2014-05-12T09:47:37","date_gmt":"2014-05-12T08:47:37","guid":{"rendered":"http:\/\/www.worldpolicyconference.com\/dorothe-schmid\/"},"modified":"2026-03-24T16:17:10","modified_gmt":"2026-03-24T15:17:10","slug":"dorothe-schmid","status":"publish","type":"post","link":"https:\/\/www.worldpolicyconference.com\/fr\/dorothe-schmid\/","title":{"rendered":"Doroth\u00e9e Schmid"},"content":{"rendered":"<p><\/p>\n<p style=\"text-align: justify;\"><span style=\"font-weight: 400;\">Responsable du programme Turquie \/ Moyen-Orient \u00e0 l\u2019Institut fran\u00e7ais des relations internationales (Ifri). Elle a int\u00e9gr\u00e9 l\u2019Ifri en 2002 pour y analyser les politiques europ\u00e9ennes en M\u00e9diterran\u00e9e et au Moyen-Orient, les dynamiques politiques et \u00e9conomiques r\u00e9gionales et la politique arabe de la France. Elle a fond\u00e9 en 2008 le programme \u00ab Turquie contemporaine \u00bb, qui suit l\u2019\u00e9mergence de la Turquie comme puissance. Ses int\u00e9r\u00eats de recherche pr\u00e9sents se concentrent sur la diplomatie turque, les nouveaux conflits du Moyen-Orient et leurs effets sur l\u2019\u00e9conomie r\u00e9gionale. Elle a dirig\u00e9 l\u2019ouvrage collectif <\/span><i><span style=\"font-weight: 400;\">La Turquie au Moyen-Orient : une puissance r\u00e9gionale ?<\/span><\/i><span style=\"font-weight: 400;\">, publi\u00e9 chez CNRS \u00e9ditions en d\u00e9cembre 2011, et est l\u2019auteure de <\/span><i><span style=\"font-weight: 400;\">La Turquie en cent questions<\/span><\/i><span style=\"font-weight: 400;\"> (Tallandier, nouv. \u00e9dition 2023). Elle est dipl\u00f4m\u00e9e de Sciences Po Paris, titulaire d\u2019un troisi\u00e8me cycle en \u00e9conomie appliqu\u00e9e et docteure en sciences politiques.<\/span><\/p>\n<p><\/p>","protected":false},"excerpt":{"rendered":"<p>Responsable du programme Turquie \/ Moyen-Orient \u00e0 l\u2019Institut fran\u00e7ais des relations internationales (Ifri). Elle a int\u00e9gr\u00e9 l\u2019Ifri en 2002 pour y analyser les politiques europ\u00e9ennes en M\u00e9diterran\u00e9e et au Moyen-Orient,<\/p>\n","protected":false},"author":1,"featured_media":17461,"comment_status":"closed","ping_status":"open","sticky":false,"template":"","format":"standard","meta":{"footnotes":""},"categories":[8],"tags":[18,14,21,30,153,154,155,157],"class_list":["post-898","post","type-post","status-publish","format-standard","has-post-thumbnail","hentry","category-invited-guests","tag-18","tag-14","tag-21","tag-30","tag-153","tag-154","tag-155","tag-157"],"_links":{"self":[{"href":"https:\/\/www.worldpolicyconference.com\/fr\/wp-json\/wp\/v2\/posts\/898","targetHints":{"allow":["GET"]}}],"collection":[{"href":"https:\/\/www.worldpolicyconference.com\/fr\/wp-json\/wp\/v2\/posts"}],"about":[{"href":"https:\/\/www.worldpolicyconference.com\/fr\/wp-json\/wp\/v2\/types\/post"}],"author":[{"embeddable":true,"href":"https:\/\/www.worldpolicyconference.com\/fr\/wp-json\/wp\/v2\/users\/1"}],"replies":[{"embeddable":true,"href":"https:\/\/www.worldpolicyconference.com\/fr\/wp-json\/wp\/v2\/comments?post=898"}],"version-history":[{"count":0,"href":"https:\/\/www.worldpolicyconference.com\/fr\/wp-json\/wp\/v2\/posts\/898\/revisions"}],"wp:featuredmedia":[{"embeddable":true,"href":"https:\/\/www.worldpolicyconference.com\/fr\/wp-json\/wp\/v2\/media\/17461"}],"wp:attachment":[{"href":"https:\/\/www.worldpolicyconference.com\/fr\/wp-json\/wp\/v2\/media?parent=898"}],"wp:term":[{"taxonomy":"category","embeddable":true,"href":"https:\/\/www.worldpolicyconference.com\/fr\/wp-json\/wp\/v2\/categories?post=898"},{"taxonomy":"post_tag","embeddable":true,"href":"https:\/\/www.worldpolicyconference.com\/fr\/wp-json\/wp\/v2\/tags?post=898"}],"curies":[{"name":"wp","href":"https:\/\/api.w.org\/{rel}","templated":true}]}}