{"id":942,"date":"2014-05-12T09:52:21","date_gmt":"2014-05-12T08:52:21","guid":{"rendered":"http:\/\/www.worldpolicyconference.com\/jean-pisani-ferry\/"},"modified":"2024-12-09T10:42:15","modified_gmt":"2024-12-09T09:42:15","slug":"jean-pisani-ferry","status":"publish","type":"post","link":"https:\/\/www.worldpolicyconference.com\/fr\/jean-pisani-ferry\/","title":{"rendered":"Jean Pisani-Ferry"},"content":{"rendered":"<p><\/p>\n<p style=\"text-align: justify;\"><span style=\"font-weight: 400;\"><span style=\"font-size: 1rem;\">Senior Fellow \u00e0 Bruegel et titulaire de la chaire Tommaso Padoa-Schioppa \u00e0 l&rsquo;Institut universitaire europ\u00e9en. Il est \u00e9galement professeur \u00e0 la Hertie School of Governance (Berlin) et professeur associ\u00e9 \u00e0 Sciences Po Paris. Il a \u00e9t\u00e9 pr\u00e9c\u00e9demment commissaire g\u00e9n\u00e9ral de France Strat\u00e9gie (2013-2016), directeur de Bruegel (Bruxelles), centre de recherche et de d\u00e9bat sur les politiques \u00e9conomiques en Europe (2005-2013), pr\u00e9sident d\u00e9l\u00e9gu\u00e9 du Conseil d\u2019analyse \u00e9conomique (2001-2002), conseiller aupr\u00e8s du ministre de l&rsquo;\u00c9conomie, des Finances et de l&rsquo;Industrie (1997-2000), directeur du CEPII (1992-1997). Il est ing\u00e9nieur Sup\u00e9lec, titulaire d&rsquo;un DEA de math\u00e9matiques, et ancien \u00e9l\u00e8ve du Centre d&rsquo;\u00e9tudes des programmes \u00e9conomiques (CEPE). Au premier semestre 2017, il a contribu\u00e9 \u00e0 la campagne d&rsquo;Emmanuel Macron en tant que directeur du p\u00f4le programme et id\u00e9es.<\/span><\/span><\/p>\n<p><\/p>","protected":false},"excerpt":{"rendered":"<p>Senior Fellow \u00e0 Bruegel et titulaire de la chaire Tommaso Padoa-Schioppa \u00e0 l&rsquo;Institut universitaire europ\u00e9en. Il est \u00e9galement professeur \u00e0 la Hertie School of Governance (Berlin) et professeur associ\u00e9 \u00e0<\/p>\n","protected":false},"author":1,"featured_media":15735,"comment_status":"closed","ping_status":"open","sticky":false,"template":"","format":"standard","meta":{"footnotes":""},"categories":[8],"tags":[18,10,19,25],"class_list":["post-942","post","type-post","status-publish","format-standard","has-post-thumbnail","hentry","category-invited-guests","tag-18","tag-10","tag-19","tag-25"],"_links":{"self":[{"href":"https:\/\/www.worldpolicyconference.com\/fr\/wp-json\/wp\/v2\/posts\/942","targetHints":{"allow":["GET"]}}],"collection":[{"href":"https:\/\/www.worldpolicyconference.com\/fr\/wp-json\/wp\/v2\/posts"}],"about":[{"href":"https:\/\/www.worldpolicyconference.com\/fr\/wp-json\/wp\/v2\/types\/post"}],"author":[{"embeddable":true,"href":"https:\/\/www.worldpolicyconference.com\/fr\/wp-json\/wp\/v2\/users\/1"}],"replies":[{"embeddable":true,"href":"https:\/\/www.worldpolicyconference.com\/fr\/wp-json\/wp\/v2\/comments?post=942"}],"version-history":[{"count":0,"href":"https:\/\/www.worldpolicyconference.com\/fr\/wp-json\/wp\/v2\/posts\/942\/revisions"}],"wp:featuredmedia":[{"embeddable":true,"href":"https:\/\/www.worldpolicyconference.com\/fr\/wp-json\/wp\/v2\/media\/15735"}],"wp:attachment":[{"href":"https:\/\/www.worldpolicyconference.com\/fr\/wp-json\/wp\/v2\/media?parent=942"}],"wp:term":[{"taxonomy":"category","embeddable":true,"href":"https:\/\/www.worldpolicyconference.com\/fr\/wp-json\/wp\/v2\/categories?post=942"},{"taxonomy":"post_tag","embeddable":true,"href":"https:\/\/www.worldpolicyconference.com\/fr\/wp-json\/wp\/v2\/tags?post=942"}],"curies":[{"name":"wp","href":"https:\/\/api.w.org\/{rel}","templated":true}]}}