{"id":972,"date":"2014-05-12T09:56:33","date_gmt":"2014-05-12T08:56:33","guid":{"rendered":"http:\/\/www.worldpolicyconference.com\/michel-foucher\/"},"modified":"2026-03-05T10:48:57","modified_gmt":"2026-03-05T09:48:57","slug":"michel-foucher","status":"publish","type":"post","link":"https:\/\/www.worldpolicyconference.com\/fr\/michel-foucher\/","title":{"rendered":"Michel Foucher"},"content":{"rendered":"<p><\/p>\n<p style=\"text-align: justify;\">Intervenant et membre du comit\u00e9 d\u2019orientation du Cycle des hautes \u00e9tudes europ\u00e9ennes (Institut national du service public), membre du conseil d&rsquo;orientation de l&rsquo;Institut des droits fondamentaux num\u00e9riques et conseiller pour les \u00e9tudes g\u00e9opolitiques au MEDEF. Il a servi comme conseiller du ministre des Affaires \u00e9trang\u00e8res (1997-2002), Directeur du Centre d\u2019analyse et de pr\u00e9vision (1999-2002), Ambassadeur de France dans les pays Baltes (Lettonie, 2002-2006), Ambassadeur en mission sur les questions europ\u00e9ennes (2006-2007). Il a \u00e9t\u00e9 directeur des \u00e9tudes et de la recherche \u00e0 l\u2019Institut des hautes \u00e9tudes de d\u00e9fense nationale (2009-2013) et a occup\u00e9 la chaire de g\u00e9opolitique appliqu\u00e9e au Coll\u00e8ge d\u2019\u00e9tudes mondiales (Fondation de la maison des sciences de l\u2019homme, 2013-2020). Il a \u00e9t\u00e9 professeur \u00e0 l\u2019Universit\u00e9 Lumi\u00e8re Lyon II, \u00e0 l\u2019\u00c9cole Normale Sup\u00e9rieure (Paris) et au Coll\u00e8ge d\u2019Europe de Natolin (Pologne). Il a notamment publi\u00e9 <em>Conseiller le Prince, \u00e0 la lumi\u00e8re de la g\u00e9ographie politique<\/em> (L\u2019Aube, 2023) et <em>Ukraine Russie, la carte mentale du duel<\/em> (Tract N\u00b0 39, Gallimard, mai 2022 et octobre 2023).<\/p>\n<p><\/p>","protected":false},"excerpt":{"rendered":"<p>Intervenant et membre du comit\u00e9 d\u2019orientation du Cycle des hautes \u00e9tudes europ\u00e9ennes (Institut national du service public), membre du conseil d&rsquo;orientation de l&rsquo;Institut des droits fondamentaux num\u00e9riques et conseiller pour<\/p>\n","protected":false},"author":1,"featured_media":17857,"comment_status":"closed","ping_status":"open","sticky":false,"template":"","format":"standard","meta":{"footnotes":""},"categories":[8],"tags":[18,19,20,21,22,30,153,154,155,157],"class_list":["post-972","post","type-post","status-publish","format-standard","has-post-thumbnail","hentry","category-invited-guests","tag-18","tag-19","tag-20","tag-21","tag-22","tag-30","tag-153","tag-154","tag-155","tag-157"],"_links":{"self":[{"href":"https:\/\/www.worldpolicyconference.com\/fr\/wp-json\/wp\/v2\/posts\/972","targetHints":{"allow":["GET"]}}],"collection":[{"href":"https:\/\/www.worldpolicyconference.com\/fr\/wp-json\/wp\/v2\/posts"}],"about":[{"href":"https:\/\/www.worldpolicyconference.com\/fr\/wp-json\/wp\/v2\/types\/post"}],"author":[{"embeddable":true,"href":"https:\/\/www.worldpolicyconference.com\/fr\/wp-json\/wp\/v2\/users\/1"}],"replies":[{"embeddable":true,"href":"https:\/\/www.worldpolicyconference.com\/fr\/wp-json\/wp\/v2\/comments?post=972"}],"version-history":[{"count":0,"href":"https:\/\/www.worldpolicyconference.com\/fr\/wp-json\/wp\/v2\/posts\/972\/revisions"}],"wp:featuredmedia":[{"embeddable":true,"href":"https:\/\/www.worldpolicyconference.com\/fr\/wp-json\/wp\/v2\/media\/17857"}],"wp:attachment":[{"href":"https:\/\/www.worldpolicyconference.com\/fr\/wp-json\/wp\/v2\/media?parent=972"}],"wp:term":[{"taxonomy":"category","embeddable":true,"href":"https:\/\/www.worldpolicyconference.com\/fr\/wp-json\/wp\/v2\/categories?post=972"},{"taxonomy":"post_tag","embeddable":true,"href":"https:\/\/www.worldpolicyconference.com\/fr\/wp-json\/wp\/v2\/tags?post=972"}],"curies":[{"name":"wp","href":"https:\/\/api.w.org\/{rel}","templated":true}]}}