{"id":982,"date":"2014-05-12T09:57:41","date_gmt":"2014-05-12T08:57:41","guid":{"rendered":"http:\/\/www.worldpolicyconference.com\/thomas-becker\/"},"modified":"2018-06-07T16:45:21","modified_gmt":"2018-06-07T15:45:21","slug":"thomas-becker","status":"publish","type":"post","link":"https:\/\/www.worldpolicyconference.com\/fr\/thomas-becker\/","title":{"rendered":"Thomas Becker"},"content":{"rendered":"<p>Homme politique danois. Secr\u00e9taire permanent adjoint au d\u00e9partement de la politique internationale et du changement climatique du minist\u00e8re danois du Climat et de l\u2019\u00c9nergie. D\u00e9l\u00e9gu\u00e9 officiel du gouvernement danois pour la \u00ab\u00a0conf\u00e9rence des parties\u00a0\u00bb, COP 15 (Copenhague, 2009). Il dirige les n\u00e9gociations pour un accord post-2012 de l\u2019UE. Il a \u00e9t\u00e9 conseiller sur l\u2019\u00e9nergie \u00e0 l\u2019OCDE (Paris).<\/p>","protected":false},"excerpt":{"rendered":"<p>Homme politique danois. Secr\u00e9taire permanent adjoint au d\u00e9partement de la politique internationale et du changement climatique du minist\u00e8re danois du Climat et de l\u2019\u00c9nergie. D\u00e9l\u00e9gu\u00e9 officiel du gouvernement danois pour<\/p>\n","protected":false},"author":1,"featured_media":10524,"comment_status":"closed","ping_status":"open","sticky":false,"template":"","format":"standard","meta":{"footnotes":""},"categories":[8],"tags":[18],"class_list":["post-982","post","type-post","status-publish","format-standard","has-post-thumbnail","hentry","category-invited-guests","tag-18"],"_links":{"self":[{"href":"https:\/\/www.worldpolicyconference.com\/fr\/wp-json\/wp\/v2\/posts\/982","targetHints":{"allow":["GET"]}}],"collection":[{"href":"https:\/\/www.worldpolicyconference.com\/fr\/wp-json\/wp\/v2\/posts"}],"about":[{"href":"https:\/\/www.worldpolicyconference.com\/fr\/wp-json\/wp\/v2\/types\/post"}],"author":[{"embeddable":true,"href":"https:\/\/www.worldpolicyconference.com\/fr\/wp-json\/wp\/v2\/users\/1"}],"replies":[{"embeddable":true,"href":"https:\/\/www.worldpolicyconference.com\/fr\/wp-json\/wp\/v2\/comments?post=982"}],"version-history":[{"count":0,"href":"https:\/\/www.worldpolicyconference.com\/fr\/wp-json\/wp\/v2\/posts\/982\/revisions"}],"wp:featuredmedia":[{"embeddable":true,"href":"https:\/\/www.worldpolicyconference.com\/fr\/wp-json\/wp\/v2\/media\/10524"}],"wp:attachment":[{"href":"https:\/\/www.worldpolicyconference.com\/fr\/wp-json\/wp\/v2\/media?parent=982"}],"wp:term":[{"taxonomy":"category","embeddable":true,"href":"https:\/\/www.worldpolicyconference.com\/fr\/wp-json\/wp\/v2\/categories?post=982"},{"taxonomy":"post_tag","embeddable":true,"href":"https:\/\/www.worldpolicyconference.com\/fr\/wp-json\/wp\/v2\/tags?post=982"}],"curies":[{"name":"wp","href":"https:\/\/api.w.org\/{rel}","templated":true}]}}