{"id":990,"date":"2014-05-12T09:58:29","date_gmt":"2014-05-12T08:58:29","guid":{"rendered":"http:\/\/www.worldpolicyconference.com\/boris-tadi\/"},"modified":"2018-12-13T16:46:48","modified_gmt":"2018-12-13T15:46:48","slug":"boris-tadi","status":"publish","type":"post","link":"https:\/\/www.worldpolicyconference.com\/fr\/boris-tadi\/","title":{"rendered":"Boris Tadi&cacute;"},"content":{"rendered":"<p>Ancien Pr\u00e9sident de la R\u00e9publique de Serbie. Psychologue de profession, il est chef de file du Parti d\u00e9mocrate. Il a \u00e9t\u00e9 \u00e9lu pour un mandat de quatre ans le 27 juin 2004, et r\u00e9\u00e9lu pour un second mandat de quatre ans le 3 F\u00e9vrier 2008. Avant sa pr\u00e9sidence, il a \u00e9t\u00e9 le dernier ministre des T\u00e9l\u00e9communications de la R\u00e9publique f\u00e9d\u00e9rale de Yougoslavie et le premier ministre de la D\u00e9fense de Serbie et du Mont\u00e9n\u00e9gro. Il est dipl\u00f4m\u00e9 de l&rsquo;universit\u00e9 de Belgrade (Facult\u00e9 de philosophie) avec un dipl\u00f4me en psychologie, en particulier psychologie sociale dans le d\u00e9partement de psychologie clinique.<\/p>","protected":false},"excerpt":{"rendered":"<p>Ancien Pr\u00e9sident de la R\u00e9publique de Serbie. Psychologue de profession, il est chef de file du Parti d\u00e9mocrate. Il a \u00e9t\u00e9 \u00e9lu pour un mandat de quatre ans le 27<\/p>\n","protected":false},"author":1,"featured_media":11980,"comment_status":"closed","ping_status":"open","sticky":false,"template":"","format":"standard","meta":{"footnotes":""},"categories":[8],"tags":[18],"class_list":["post-990","post","type-post","status-publish","format-standard","has-post-thumbnail","hentry","category-invited-guests","tag-18"],"_links":{"self":[{"href":"https:\/\/www.worldpolicyconference.com\/fr\/wp-json\/wp\/v2\/posts\/990","targetHints":{"allow":["GET"]}}],"collection":[{"href":"https:\/\/www.worldpolicyconference.com\/fr\/wp-json\/wp\/v2\/posts"}],"about":[{"href":"https:\/\/www.worldpolicyconference.com\/fr\/wp-json\/wp\/v2\/types\/post"}],"author":[{"embeddable":true,"href":"https:\/\/www.worldpolicyconference.com\/fr\/wp-json\/wp\/v2\/users\/1"}],"replies":[{"embeddable":true,"href":"https:\/\/www.worldpolicyconference.com\/fr\/wp-json\/wp\/v2\/comments?post=990"}],"version-history":[{"count":0,"href":"https:\/\/www.worldpolicyconference.com\/fr\/wp-json\/wp\/v2\/posts\/990\/revisions"}],"wp:featuredmedia":[{"embeddable":true,"href":"https:\/\/www.worldpolicyconference.com\/fr\/wp-json\/wp\/v2\/media\/11980"}],"wp:attachment":[{"href":"https:\/\/www.worldpolicyconference.com\/fr\/wp-json\/wp\/v2\/media?parent=990"}],"wp:term":[{"taxonomy":"category","embeddable":true,"href":"https:\/\/www.worldpolicyconference.com\/fr\/wp-json\/wp\/v2\/categories?post=990"},{"taxonomy":"post_tag","embeddable":true,"href":"https:\/\/www.worldpolicyconference.com\/fr\/wp-json\/wp\/v2\/tags?post=990"}],"curies":[{"name":"wp","href":"https:\/\/api.w.org\/{rel}","templated":true}]}}